{"id":1491,"date":"2026-03-18T09:48:00","date_gmt":"2026-03-18T01:48:00","guid":{"rendered":"https:\/\/fiberrecycling.com\/?p=1491"},"modified":"2026-03-25T14:41:23","modified_gmt":"2026-03-25T06:41:23","slug":"coconut-fiber-processing-vertical-hydraulic-baler","status":"publish","type":"post","link":"https:\/\/fiberrecycling.com\/es\/coconut-fiber-processing-vertical-hydraulic-baler\/","title":{"rendered":"Procesamiento de fibra de coco con m\u00e1quina de compactaci\u00f3n de fibra de coir: un estudio de caso completo"},"content":{"rendered":"<div class=\"kk-star-ratings kksr-auto kksr-align-left kksr-valign-top\"     data-payload='{&quot;align&quot;:&quot;left&quot;,&quot;id&quot;:&quot;1491&quot;,&quot;slug&quot;:&quot;default&quot;,&quot;valign&quot;:&quot;top&quot;,&quot;ignore&quot;:&quot;&quot;,&quot;reference&quot;:&quot;auto&quot;,&quot;class&quot;:&quot;&quot;,&quot;count&quot;:&quot;12&quot;,&quot;legendonly&quot;:&quot;&quot;,&quot;readonly&quot;:&quot;&quot;,&quot;score&quot;:&quot;4.6&quot;,&quot;starsonly&quot;:&quot;&quot;,&quot;best&quot;:&quot;5&quot;,&quot;gap&quot;:&quot;5&quot;,&quot;greet&quot;:&quot;Rate this post&quot;,&quot;legend&quot;:&quot;4.6\\\/5 - (12 votos)&quot;,&quot;size&quot;:&quot;24&quot;,&quot;title&quot;:&quot;Coconut Fiber Processing with Coir Fiber Baling Machine: A Complete Case Study&quot;,&quot;width&quot;:&quot;130.9&quot;,&quot;_legend&quot;:&quot;{score}\\\/{best} - ({count} {votes})&quot;,&quot;font_factor&quot;:&quot;1.25&quot;}'>              <div class=\"kksr-stars\">      <div class=\"kksr-stars-inactive\">             <div class=\"kksr-star\" data-star=\"1\" style=\"padding-right: 5px\">               <div class=\"kksr-icon\" style=\"width: 24px; height: 24px;\"><\/div>         <\/div>             <div class=\"kksr-star\" data-star=\"2\" style=\"padding-right: 5px\">               <div class=\"kksr-icon\" style=\"width: 24px; height: 24px;\"><\/div>         <\/div>             <div class=\"kksr-star\" data-star=\"3\" style=\"padding-right: 5px\">               <div class=\"kksr-icon\" style=\"width: 24px; height: 24px;\"><\/div>         <\/div>             <div class=\"kksr-star\" data-star=\"4\" style=\"padding-right: 5px\">               <div class=\"kksr-icon\" style=\"width: 24px; height: 24px;\"><\/div>         <\/div>             <div class=\"kksr-star\" data-star=\"5\" style=\"padding-right: 5px\">               <div class=\"kksr-icon\" style=\"width: 24px; height: 24px;\"><\/div>         <\/div>     <\/div>      <div class=\"kksr-stars-active\" style=\"width: 130.9px;\">             <div class=\"kksr-star\" style=\"padding-right: 5px\">               <div class=\"kksr-icon\" style=\"width: 24px; height: 24px;\"><\/div>         <\/div>             <div class=\"kksr-star\" style=\"padding-right: 5px\">               <div class=\"kksr-icon\" style=\"width: 24px; height: 24px;\"><\/div>         <\/div>             <div class=\"kksr-star\" style=\"padding-right: 5px\">               <div class=\"kksr-icon\" style=\"width: 24px; height: 24px;\"><\/div>         <\/div>             <div class=\"kksr-star\" style=\"padding-right: 5px\">               <div class=\"kksr-icon\" style=\"width: 24px; height: 24px;\"><\/div>         <\/div>             <div class=\"kksr-star\" style=\"padding-right: 5px\">               <div class=\"kksr-icon\" style=\"width: 24px; height: 24px;\"><\/div>         <\/div>     <\/div> <\/div>                   <div class=\"kksr-legend\" style=\"font-size: 19.2px;\">             4,6\/5 - (12 votos)    <\/div>     <\/div>  <p class=\"wp-block-paragraph translation-block\">La fibra de coco, tambi\u00e9n conocida como coir, presenta desaf\u00edos \u00fanicos de manejo debido a su baja densidad aparente y alto volumen. Este <strong>caso de estudio de la empacadora de fibra de coco<\/strong> analiza c\u00f3mo LankaCoir Exports, una empresa de procesamiento de coir en Sri Lanka, transform\u00f3 sus operaciones utilizando una m\u00e1quina especializada de empacado de fibra de coco.<\/p>    <figure class=\"wp-block-image aligncenter size-full\"><img fetchpriority=\"high\" decoding=\"async\" width=\"720\" height=\"540\" src=\"https:\/\/fiberrecycling.com\/wp-content\/uploads\/2026\/03\/coir-fiber-baling-machine-for-sale.webp\" alt=\"m\u00e1quina de empacado de fibra de coco en venta\" class=\"wp-image-1501\" srcset=\"https:\/\/fiberrecycling.com\/wp-content\/uploads\/2026\/03\/coir-fiber-baling-machine-for-sale.webp 720w, https:\/\/fiberrecycling.com\/wp-content\/uploads\/2026\/03\/coir-fiber-baling-machine-for-sale-300x225.webp 300w, https:\/\/fiberrecycling.com\/wp-content\/uploads\/2026\/03\/coir-fiber-baling-machine-for-sale-16x12.webp 16w\" sizes=\"(max-width: 720px) 100vw, 720px\" \/><figcaption class=\"wp-element-caption\">m\u00e1quina de empacado de fibra de coco en venta<\/figcaption><\/figure>    <h2 class=\"wp-block-heading\">Comprensi\u00f3n de las caracter\u00edsticas de la fibra de coco<\/h2>    <h3 class=\"wp-block-heading\">Propiedades F\u00edsicas<\/h3>    <p class=\"wp-block-paragraph\">La fibra de coco posee caracter\u00edsticas distintas que afectan el procesamiento y manejo:<\/p>    <ul class=\"wp-block-list\"> <li><strong>Baja densidad a granel:<\/strong> 60-120 kg\/m\u00b3 en forma suelta<\/li>    <li><strong>Alta expansi\u00f3n:<\/strong> Las fibras resisten la compresi\u00f3n y recuperan su forma<\/li>    <li><strong>Contenido de humedad:<\/strong> T\u00edpicamente 10-15% cuando est\u00e1 adecuadamente seco<\/li>    <li><strong>Longitud de fibra:<\/strong> 50-300 mm seg\u00fan grado de procesamiento<\/li>    <li><strong>Generaci\u00f3n de polvo:<\/strong> Part\u00edculas finas crean desaf\u00edos de manejo<\/li>    <li><strong>Aceites naturales:<\/strong> El contenido resinoso afecta las caracter\u00edsticas de compresi\u00f3n<\/li> <\/ul>    <h3 class=\"wp-block-heading\">Desaf\u00edos de procesamiento<\/h3>    <p class=\"wp-block-paragraph\">Estas propiedades f\u00edsicas crean dificultades operativas espec\u00edficas:<\/p>    <ul class=\"wp-block-list\"> <li><strong>Ineficiencia de almacenamiento:<\/strong> La fibra suelta requiere entre 8-10 veces m\u00e1s espacio de almac\u00e9n que la balada<\/li>    <li><strong>Costos de transporte:<\/strong> La baja densidad significa que el env\u00edo es principalmente aire<\/li>    <li><strong>Complejidad de manejo:<\/strong> El material ligero es dif\u00edcil de mover y contener<\/li>    <li><strong>Degradaci\u00f3n de la calidad:<\/strong> Un almacenamiento inapropiado conduce a absorci\u00f3n de humedad y moho<\/li>    <li><strong>Ineficiencia de carga:<\/strong> La utilizaci\u00f3n de contenedores t\u00edpica es del 30-40% con fibra suelta<\/li> <\/ul>    <figure class=\"wp-block-image aligncenter size-full\"><img decoding=\"async\" width=\"720\" height=\"540\" src=\"https:\/\/fiberrecycling.com\/wp-content\/uploads\/2026\/03\/coir-fiber-bales.webp\" alt=\"pacas de fibra de coco\" class=\"wp-image-1499\" srcset=\"https:\/\/fiberrecycling.com\/wp-content\/uploads\/2026\/03\/coir-fiber-bales.webp 720w, https:\/\/fiberrecycling.com\/wp-content\/uploads\/2026\/03\/coir-fiber-bales-300x225.webp 300w, https:\/\/fiberrecycling.com\/wp-content\/uploads\/2026\/03\/coir-fiber-bales-16x12.webp 16w\" sizes=\"(max-width: 720px) 100vw, 720px\" \/><figcaption class=\"wp-element-caption\">pacas de fibra de coco<\/figcaption><\/figure>    <h2 class=\"wp-block-heading\">Antecedentes del cliente: LankaCoir Exports<\/h2>    <p class=\"wp-block-paragraph\">LankaCoir Exports, establecida en 2005 en la regi\u00f3n del tri\u00e1ngulo del coco de Sri Lanka, procesa aproximadamente 800 toneladas de fibra de coco anualmente para exportaci\u00f3n a Europa, Am\u00e9rica del Norte y Asia. La empresa produce m\u00faltiples grados de productos de coco:<\/p>    <ul class=\"wp-block-list\"> <li>Coco de cerdas (fibras largas para cepillos y tapetes)<\/li>    <li>Coco de colch\u00f3n (fibras medianas para colchones)<\/li>    <li>Mezcla de coco (fibras cortas para horticultura)<\/li>    <li>Polvo de estopa de coco (para enmiendas del suelo)<\/li> <\/ul>    <h3 class=\"wp-block-heading\">Operaciones previas a la baling<\/h3>    <p class=\"wp-block-paragraph\">Antes de implementar el baling mec\u00e1nico, LankaCoir enfrent\u00f3 importantes desaf\u00edos log\u00edsticos:<\/p>    <figure class=\"wp-block-table\"><table><thead><tr><th>Desaf\u00edo<\/th><th>Impacto<\/th><th>Costo mensual<\/th><\/tr><\/thead><tbody><tr><td>Espacio de almac\u00e9n<\/td><td>Se requieren 2,400 m\u00b2 para inventario de 200 toneladas<\/td><td>$4,800 de alquiler<\/td><\/tr><tr><td>Env\u00edo de contenedores<\/td><td>3 contenedores necesarios por pedido de 20 toneladas<\/td><td>$6,600 en flete<\/td><\/tr><tr><td>Manipulaci\u00f3n manual<\/td><td>12 trabajadores para carga\/descarga<\/td><td>$3,600 de mano de obra<\/td><\/tr><tr><td>P\u00e9rdidas de material<\/td><td>8% de da\u00f1o\/p\u00e9rdida durante la manipulaci\u00f3n<\/td><td>$4,800 de residuos<\/td><\/tr><\/tbody><\/table><\/figure>    <h2 class=\"wp-block-heading\">Selecci\u00f3n de equipo y dise\u00f1o de soluci\u00f3n<\/h2>    <p class=\"wp-block-paragraph translation-block\">Despu\u00e9s de evaluar m\u00faltiples <strong>soluciones de baling de fibra de coco<\/strong>, LankaCoir seleccion\u00f3 nuestro <a href=\"https:\/\/fiberrecycling.com\/es\/vertical-hydraulic-baler\/\">sistema baler hidr\u00e1ulico vertical<\/a> configurado espec\u00edficamente para procesamiento de fibra de coco.<\/p>    <figure class=\"wp-block-image aligncenter size-full\"><img decoding=\"async\" width=\"540\" height=\"720\" src=\"https:\/\/fiberrecycling.com\/wp-content\/uploads\/2026\/03\/vertical-hydraulic-baler-machine-for-coir-fiber.webp\" alt=\"m\u00e1quina empacadora hidr\u00e1ulica vertical para fibra de coco\" class=\"wp-image-1500\" srcset=\"https:\/\/fiberrecycling.com\/wp-content\/uploads\/2026\/03\/vertical-hydraulic-baler-machine-for-coir-fiber.webp 540w, https:\/\/fiberrecycling.com\/wp-content\/uploads\/2026\/03\/vertical-hydraulic-baler-machine-for-coir-fiber-225x300.webp 225w, https:\/\/fiberrecycling.com\/wp-content\/uploads\/2026\/03\/vertical-hydraulic-baler-machine-for-coir-fiber-9x12.webp 9w\" sizes=\"(max-width: 540px) 100vw, 540px\" \/><figcaption class=\"wp-element-caption\">m\u00e1quina empacadora hidr\u00e1ulica vertical para fibra de coco<\/figcaption><\/figure>    <h3 class=\"wp-block-heading\">Configuraci\u00f3n de equipo<\/h3>    <figure class=\"wp-block-table\"><table><thead><tr><th>Equipo<\/th><th>Modelo<\/th><th>Especificaciones<\/th><th>Cantidad<\/th><\/tr><\/thead><tbody><tr><td>Empacadora hidr\u00e1ulica vertical<\/td><td>SL60T<\/td><td>Presi\u00f3n de 60 toneladas, 1.5-2 toneladas\/hora<\/td><td>2 unidades<\/td><\/tr><tr><td>Sistema de Alimentaci\u00f3n por Cinta Transportadora<\/td><td>Personalizado<\/td><td>Cinta transportadora inclinada de 3 metros<\/td><td>2 unidades<\/td><\/tr><tr><td>Sistema de atado de fardos<\/td><td>Manual<\/td><td>Bandolera PP, 4 correas por fardo<\/td><td>2 juegos<\/td><\/tr><tr><td>Inversi\u00f3n total<\/td><td>&#8211;<\/td><td>&#8211;<\/td><td>$18,500<\/td><\/tr><\/tbody><\/table><\/figure>    <h3 class=\"wp-block-heading\">Funciones personalizadas para procesamiento de coco<\/h3>    <p class=\"wp-block-paragraph translation-block\">La <a href=\"https:\/\/fiberrecycling.com\/es\/vertical-hydraulic-baler\/\">m\u00e1quina de empacado de fibra de coco<\/a> fue configurada con adaptaciones espec\u00edficas para la fibra de coco:<\/p>    <ul class=\"wp-block-list\"> <li><strong>Curso de compresi\u00f3n extendido:<\/strong> Acepta caracter\u00edsticas de fibra de alto expansi\u00f3n<\/li>    <li><strong>Dise\u00f1o de c\u00e1mara cerrada:<\/strong> Contiene polvo y evita la fuga de fibra durante la compresi\u00f3n<\/li>    <li><strong>Control de presi\u00f3n variable:<\/strong> Ajustable de 30-60 toneladas para diferentes grados de fibra<\/li>    <li><strong>Configuraci\u00f3n de dos c\u00e1maras:<\/strong> Permite operaci\u00f3n continua mientras se carga una c\u00e1mara<\/li>    <li><strong>pestillos anti\u2011rebote:<\/strong> Mantener la compresi\u00f3n durante la atadura<\/li>    <li><strong>Revestimiento resistente a la corrosi\u00f3n:<\/strong> Protege contra aceites naturales y humedad<\/li> <\/ul>    <h2 class=\"wp-block-heading\">Proceso de baling y resultados<\/h2>    <h3 class=\"wp-block-heading\">Rendimiento de compresi\u00f3n<\/h3>    <p class=\"wp-block-paragraph translation-block\">La <strong>m\u00e1quina de empacado de fibra de coco<\/strong> logr\u00f3 ratios de compresi\u00f3n excepcionales con fibra de coco:<\/p>    <figure class=\"wp-block-table\"><table><thead><tr><th>Grado de fibra<\/th><th>Densidad suelta<\/th><th>Densidad balada<\/th><th>Relaci\u00f3n de compresi\u00f3n<\/th><\/tr><\/thead><tbody><tr><td>Coco de bristle<\/td><td>85 kg\/m\u00b3<\/td><td>420 kg\/m\u00b3<\/td><td>4.9:1<\/td><\/tr><tr><td>Coco de colch\u00f3n<\/td><td>95 kg\/m\u00b3<\/td><td>475 kg\/m\u00b3<\/td><td>5.0:1<\/td><\/tr><tr><td>Mezcla de coco<\/td><td>110 kg\/m\u00b3<\/td><td>550 kg\/m\u00b3<\/td><td>5.0:1<\/td><\/tr><tr><td>Promedio<\/td><td>97 kg\/m\u00b3<\/td><td>482 kg\/m\u00b3<\/td><td>5.0:1<\/td><\/tr><\/tbody><\/table><\/figure>    <figure class=\"wp-block-image aligncenter size-full\"><img loading=\"lazy\" decoding=\"async\" width=\"540\" height=\"720\" src=\"https:\/\/fiberrecycling.com\/wp-content\/uploads\/2026\/03\/coconut-fiber-baling-in-Malaysia.webp\" alt=\"empacado de fibra de coco en Malasia\" class=\"wp-image-1502\" srcset=\"https:\/\/fiberrecycling.com\/wp-content\/uploads\/2026\/03\/coconut-fiber-baling-in-Malaysia.webp 540w, https:\/\/fiberrecycling.com\/wp-content\/uploads\/2026\/03\/coconut-fiber-baling-in-Malaysia-225x300.webp 225w, https:\/\/fiberrecycling.com\/wp-content\/uploads\/2026\/03\/coconut-fiber-baling-in-Malaysia-9x12.webp 9w\" sizes=\"(max-width: 540px) 100vw, 540px\" \/><figcaption class=\"wp-element-caption\">empacado de fibra de coco en Malasia<\/figcaption><\/figure>    <h3 class=\"wp-block-heading\">Especificaciones de fardo<\/h3>    <figure class=\"wp-block-table\"><table><thead><tr><th>Par\u00e1metro<\/th><th>Especificaci\u00f3n<\/th><\/tr><\/thead><tbody><tr><td>Dimensiones del fardo<\/td><td>1100 mm \u00d7 800 mm \u00d7 altura variable<\/td><\/tr><tr><td>Peso del fardo<\/td><td>180-220 kg (ajustable)<\/td><\/tr><tr><td>Densidad de fardo<\/td><td>450-550 kg\/m\u00b3<\/td><\/tr><tr><td>Atadura<\/td><td>4 correas PP, 16 mm de ancho<\/td><\/tr><tr><td>Empaque<\/td><td>Pel\u00edcula PE opcional para protecci\u00f3n contra la humedad<\/td><\/tr><tr><td>Tasa de producci\u00f3n<\/td><td>12-15 fardos\/hora por m\u00e1quina<\/td><\/tr><\/tbody><\/table><\/figure>    <h2 class=\"wp-block-heading\">Mejoras operativas<\/h2>    <h3 class=\"wp-block-heading\">Eficiencia de almacenamiento<\/h3>    <p class=\"wp-block-paragraph\">La compresi\u00f3n redujo dram\u00e1ticamente los requisitos de almacenamiento:<\/p>    <figure class=\"wp-block-table\"><table><thead><tr><th>M\u00e9trica<\/th><th>Antes de balar<\/th><th>Despu\u00e9s de balar<\/th><th>Mejora<\/th><\/tr><\/thead><tbody><tr><td>Espacio por cada 100 toneladas<\/td><td>1,200 m\u00b2<\/td><td>240 m\u00b2<\/td><td>-80%<\/td><\/tr><tr><td>Alquiler mensual de almac\u00e9n<\/td><td>$4,800<\/td><td>$960<\/td><td>-$3,840<\/td><\/tr><tr><td>Accesibilidad de inventario<\/td><td>Dif\u00edcil<\/td><td>Pilas organizadas<\/td><td>Gran mejora<\/td><\/tr><tr><td>Protecci\u00f3n de material<\/td><td>Expuesto a los elementos<\/td><td>Fardos envueltos<\/td><td>Calidad preservada<\/td><\/tr><\/tbody><\/table><\/figure>    <h3 class=\"wp-block-heading\">Beneficios de transporte<\/h3>    <p class=\"wp-block-paragraph\">La baling transform\u00f3 la econom\u00eda de env\u00edo:<\/p>    <figure class=\"wp-block-table\"><table><thead><tr><th>M\u00e9trica de env\u00edo<\/th><th>Fibra suelta<\/th><th>Fibra balada<\/th><th>Mejora<\/th><\/tr><\/thead><tbody><tr><td>Capacidad de contenedor<\/td><td>8 toneladas<\/td><td>20 toneladas<\/td><td>+150%<\/td><\/tr><tr><td>Contenedores por pedido de 20 toneladas<\/td><td>3 contenedores<\/td><td>1 contenedor<\/td><td>-67%<\/td><\/tr><tr><td>Costo de env\u00edo por tonelada<\/td><td>$330<\/td><td>$165<\/td><td>-50%<\/td><\/tr><tr><td>Tiempo de carga<\/td><td>6 horas<\/td><td>2 horas<\/td><td>-67%<\/td><\/tr><\/tbody><\/table><\/figure>    <h3 class=\"wp-block-heading\">Eficiencia de manejo<\/h3>    <ul class=\"wp-block-list\"> <li><strong>Reducci\u00f3n de mano de obra:<\/strong> Personal de carga\/descarga reducido de 12 a 4 trabajadores<\/li>    <li><strong>Eficiencia de montacargas:<\/strong> Fardos est\u00e1ndar permiten manejo mec\u00e1nico en toda la cadena<\/li>    <li><strong>Reducci\u00f3n de da\u00f1os:<\/strong> La p\u00e9rdida de material disminuy\u00f3 de 8% a 1.5%<\/li>    <li><strong>Seguridad en la carga:<\/strong> Fardos estandarizados eliminan lesiones por levantamiento manual<\/li>    <li><strong>Seguimiento de inventario:<\/strong> Conteo de fardos reemplaza la estimaci\u00f3n de volumen<\/li> <\/ul>    <h2 class=\"wp-block-heading\">Impacto financiero<\/h2>    <h3 class=\"wp-block-heading\">Ahorros mensuales de costos<\/h3>    <figure class=\"wp-block-table\"><table><thead><tr><th>Categor\u00eda de costo<\/th><th>Antes<\/th><th>Despu\u00e9s<\/th><th>Ahorros mensuales<\/th><\/tr><\/thead><tbody><tr><td>Alquiler de almac\u00e9n<\/td><td>$4,800<\/td><td>$960<\/td><td>$3,840<\/td><\/tr><tr><td>Env\u00edo (20 toneladas)<\/td><td>$6,600<\/td><td>$3,300<\/td><td>$3,300<\/td><\/tr><tr><td>Trabajo (carga)<\/td><td>$3,600<\/td><td>$1,200<\/td><td>$2,400<\/td><\/tr><tr><td>P\u00e9rdidas de material<\/td><td>$4,800<\/td><td>$900<\/td><td>$3,900<\/td><\/tr><tr><td>Ahorros mensuales totales<\/td><td>&#8211;<\/td><td>&#8211;<\/td><td>$13,440<\/td><\/tr><\/tbody><\/table><\/figure>    <h3 class=\"wp-block-heading\">Retorno de la inversi\u00f3n<\/h3>    <p class=\"wp-block-paragraph translation-block\">Con una inversi\u00f3n total en equipos de $18,500 y ahorros mensuales de $13,440, la <strong>m\u00e1quina de empacado de fibra de coco<\/strong> logr\u00f3 un retorno de inversi\u00f3n completo en solo 1,4 meses. Los ahorros anuales superan los $161,000.<\/p>    <h2 class=\"wp-block-heading\">Beneficios de calidad y del cliente<\/h2>    <h3 class=\"wp-block-heading\">Mejoras de la calidad del producto<\/h3>    <ul class=\"wp-block-list\"> <li><strong>Protecci\u00f3n de humedad:<\/strong> Fardos envueltos mantienen 10-12% de humedad frente al 15-18% para almacenamiento suelto<\/li>    <li><strong>Prevenci\u00f3n de contaminaci\u00f3n:<\/strong> Fardos cerrados protegen de polvo y materiales extra\u00f1os<\/li>    <li><strong>Presentaci\u00f3n consistente:<\/strong> Los fardos est\u00e1ndar mejoran la percepci\u00f3n del cliente<\/li>    <li><strong>Inspecci\u00f3n m\u00e1s f\u00e1cil:<\/strong> Muestras de fardos permiten verificaci\u00f3n de calidad antes del env\u00edo<\/li> <\/ul>    <h3 class=\"wp-block-heading\">Comentarios de clientes<\/h3>    <blockquote class=\"wp-block-quote is-layout-flow wp-block-quote-is-layout-flow\"> <p class=\"wp-block-paragraph\">&#8220;The baled coir has transformed our receiving operations. Previously, unloading loose fiber took an entire day with significant mess and waste. Now we receive neat, stackable bales that unload in two hours with virtually no loss. The consistent density also helps us plan our processing schedules more accurately.&#8221;<\/p> <cite>\u2014 Partner de importaci\u00f3n alem\u00e1n, Fabricaci\u00f3n de colchones<\/cite><\/blockquote>    <h2 class=\"wp-block-heading\">Experiencia de implementaci\u00f3n<\/h2>    <blockquote class=\"wp-block-quote is-layout-flow wp-block-quote-is-layout-flow\"> <p class=\"wp-block-paragraph\">&#8220;We hesitated about the investment, but the results exceeded our expectations. The balers paid for themselves in six weeks, and the operational improvements continue to deliver value. Our warehouse is now organized, shipping costs are halved, and customers appreciate the professional presentation. For any coir processor, mechanical baling is essential.&#8221;<\/p> <cite>\u2014 Sanjay Fernando, Director de Operaciones, LankaCoir Exports<\/cite><\/blockquote>    <figure class=\"wp-block-image aligncenter size-full\"><img loading=\"lazy\" decoding=\"async\" width=\"720\" height=\"540\" src=\"https:\/\/fiberrecycling.com\/wp-content\/uploads\/2026\/03\/hydraulic-baler-supplier.webp\" alt=\"proveedor de empacadoras hidr\u00e1ulicas\" class=\"wp-image-1503\" srcset=\"https:\/\/fiberrecycling.com\/wp-content\/uploads\/2026\/03\/hydraulic-baler-supplier.webp 720w, https:\/\/fiberrecycling.com\/wp-content\/uploads\/2026\/03\/hydraulic-baler-supplier-300x225.webp 300w, https:\/\/fiberrecycling.com\/wp-content\/uploads\/2026\/03\/hydraulic-baler-supplier-16x12.webp 16w\" sizes=\"(max-width: 720px) 100vw, 720px\" \/><figcaption class=\"wp-element-caption\">proveedor de empacadoras hidr\u00e1ulicas<\/figcaption><\/figure>    <h3 class=\"wp-block-heading\">Cronograma de implementaci\u00f3n<\/h3>    <figure class=\"wp-block-table\"><table><thead><tr><th>Fase<\/th><th>Duraci\u00f3n<\/th><th>Actividades<\/th><\/tr><\/thead><tbody><tr><td>Instalaci\u00f3n<\/td><td>3 d\u00edas<\/td><td>Posicionamiento del equipo, conexiones el\u00e9ctricas<\/td><\/tr><tr><td>Pruebas<\/td><td>1 d\u00eda<\/td><td>Calibraci\u00f3n de presi\u00f3n, verificaciones de seguridad<\/td><\/tr><tr><td>Capacitaci\u00f3n<\/td><td>2 d\u00edas<\/td><td>Capacitaci\u00f3n de operadores, procedimientos de mantenimiento<\/td><\/tr><tr><td>Transici\u00f3n de producci\u00f3n<\/td><td>1 semana<\/td><td>Transici\u00f3n gradual de producci\u00f3n suelta a balada<\/td><\/tr><tr><td>Operaci\u00f3n completa<\/td><td>En curso<\/td><td>Toda la fibra ahora balada antes del almacenamiento\/env\u00edo<\/td><\/tr><\/tbody><\/table><\/figure>    <h2 class=\"wp-block-heading\">Consideraciones t\u00e9cnicas para baling de coco<\/h2>    <h3 class=\"wp-block-heading\">Par\u00e1metros \u00f3ptimos de baling<\/h3>    <p class=\"wp-block-paragraph translation-block\">Basado en la experiencia operativa, estos ajustes optimizan <strong>procesamiento de fibra de coco<\/strong>:<\/p>    <ul class=\"wp-block-list\"> <li><strong>Presi\u00f3n de compresi\u00f3n:<\/strong> 50-60 toneladas para densidad m\u00e1xima sin da\u00f1ar la fibra<\/li>    <li><strong>Tiempo de compresi\u00f3n:<\/strong> 45-60 segundos para densificaci\u00f3n completa<\/li>    <li><strong>Humedad de la fibra:<\/strong> 10-15% \u00f3ptimo para compresi\u00f3n y estabilidad de almacenamiento<\/li>    <li><strong>Peso del fardo:<\/strong> 180-220 kg para manejo manejable<\/li>    <li><strong>Tensi\u00f3n de la atadura:<\/strong> Tensi\u00f3n media para evitar que la correa se corte en el fardo<\/li> <\/ul>    <h3 class=\"wp-block-heading\">Requisitos de mantenimiento<\/h3>    <p class=\"wp-block-paragraph\">El mantenimiento regular garantiza un rendimiento constante:<\/p>    <ul class=\"wp-block-list\"> <li><strong>Diario:<\/strong> C\u00e1mara limpia, revisar nivel de fluido hidr\u00e1ulico<\/li>    <li><strong>Semanal:<\/strong> Inspeccionar el sistema de atado, lubricar piezas m\u00f3viles<\/li>    <li><strong>Mensual:<\/strong> Verificar mangueras hidr\u00e1ulicas, reemplazo de filtros<\/li>    <li><strong>Trimestral:<\/strong> An\u00e1lisis de aceite hidr\u00e1ulico, calibraci\u00f3n de presi\u00f3n<\/li> <\/ul>    <h2 class=\"wp-block-heading\">Recomendaciones para procesadores de coco<\/h2>    <p class=\"wp-block-paragraph translation-block\">Basado en esta implementaci\u00f3n exitosa de <strong>balero de coco<\/strong>:<\/p>    <ol class=\"wp-block-list\"> <li>Calcule costos reales de manipulaci\u00f3n de fibra suelta incluyendo almacenamiento, env\u00edo y desperdicio<\/li>    <li>Elija balers con presi\u00f3n suficiente (m\u00ednimo 60 toneladas) para compresi\u00f3n de coco.<\/li>    <li>Asegure un secado adecuado de la fibra (10-15% de humedad) antes de balar<\/li>    <li>Planifique el tama\u00f1o de las balas para dimensiones de pal\u00e9 y anchos de contenedor est\u00e1ndar<\/li>    <li>Considere balers de dos c\u00e1maras para operaci\u00f3n continua<\/li>    <li>Invierte en la formaci\u00f3n adecuada de operarios para seguridad y eficiencia<\/li>    <li>Mantener programas estrictos de mantenimiento preventivo<\/li> <\/ol>    <figure class=\"wp-block-image aligncenter size-full\"><img loading=\"lazy\" decoding=\"async\" width=\"540\" height=\"720\" src=\"https:\/\/fiberrecycling.com\/wp-content\/uploads\/2026\/03\/baling-effect.webp\" alt=\"efecto de compactaci\u00f3n\" class=\"wp-image-1504\" srcset=\"https:\/\/fiberrecycling.com\/wp-content\/uploads\/2026\/03\/baling-effect.webp 540w, https:\/\/fiberrecycling.com\/wp-content\/uploads\/2026\/03\/baling-effect-225x300.webp 225w, https:\/\/fiberrecycling.com\/wp-content\/uploads\/2026\/03\/baling-effect-9x12.webp 9w\" sizes=\"(max-width: 540px) 100vw, 540px\" \/><figcaption class=\"wp-element-caption\">efecto de compactaci\u00f3n<\/figcaption><\/figure>    <h2 class=\"wp-block-heading\">Conclusi\u00f3n<\/h2>    <p class=\"wp-block-paragraph translation-block\">LankaCoir Exports&#8217; experience demonstrates that coir fiber baling<strong> <\/strong>machine is transformative for coconut fiber processors. The 5:1 compression ratio, combined with dramatic storage and shipping savings, creates compelling economics while improving product quality and customer satisfaction.<\/p>    <p class=\"wp-block-paragraph translation-block\">Para productores de fibra de coco que enfrentan restricciones de almacenamiento y altos costos log\u00edsticos, invertir en <a href=\"https:\/\/fiberrecycling.com\/es\/vertical-hydraulic-baler\/\">balers hidr\u00e1ulicos verticales<\/a> ofrece un r\u00e1pido retorno y mejoras operativas sostenidas. La tecnolog\u00eda transforma la coir de una materia prima dif\u00edcil de manejar a un producto profesional gestionado de forma eficiente para mercados globales.<\/p>    <h3 class=\"wp-block-heading\">Equipo recomendado para procesamiento de fibra de coco<\/h3>    <ul class=\"wp-block-list\"> <li><a href=\"https:\/\/fiberrecycling.com\/es\/vertical-hydraulic-baler\/\">Empacadora hidr\u00e1ulica vertical<\/a> &#8211; 60-ton pressure for coir compression<\/li>    <li><a href=\"https:\/\/fiberrecycling.com\/es\/textile-fiber-cutting-machine\/\">M\u00e1quina cortadora de fibra textil<\/a> &#8211; For initial fiber sizing<\/li>    <li><a href=\"https:\/\/fiberrecycling.com\/es\/fiber-opener\/\">Abertura de fibra de algod\u00f3n<\/a> &#8211; For fiber cleaning and preparation<\/li>    <li><a href=\"https:\/\/fiberrecycling.com\/es\/waste-fiber-recycling-plant\/\">L\u00ednea completa de procesamiento<\/a> &#8211; Integrated coir processing solution<\/li> <\/ul>","protected":false},"excerpt":{"rendered":"<p>Aprende c\u00f3mo una empresa de procesamiento de coir en Sri Lanka optimiz\u00f3 su manejo de fibra de coco con compactadoras hidr\u00e1ulicas verticales, logrando un ahorro del 70% en almacenamiento y una reducci\u00f3n del 40% en costos de transporte.<\/p>","protected":false},"author":1,"featured_media":1499,"comment_status":"open","ping_status":"closed","sticky":false,"template":"","format":"standard","meta":{"_crdt_document":"","footnotes":""},"categories":[1],"tags":[23,24],"class_list":["post-1491","post","type-post","status-publish","format-standard","has-post-thumbnail","hentry","category-news","tag-baler","tag-vertical-hydraulic-baler"],"_links":{"self":[{"href":"https:\/\/fiberrecycling.com\/es\/wp-json\/wp\/v2\/posts\/1491","targetHints":{"allow":["GET"]}}],"collection":[{"href":"https:\/\/fiberrecycling.com\/es\/wp-json\/wp\/v2\/posts"}],"about":[{"href":"https:\/\/fiberrecycling.com\/es\/wp-json\/wp\/v2\/types\/post"}],"author":[{"embeddable":true,"href":"https:\/\/fiberrecycling.com\/es\/wp-json\/wp\/v2\/users\/1"}],"replies":[{"embeddable":true,"href":"https:\/\/fiberrecycling.com\/es\/wp-json\/wp\/v2\/comments?post=1491"}],"version-history":[{"count":4,"href":"https:\/\/fiberrecycling.com\/es\/wp-json\/wp\/v2\/posts\/1491\/revisions"}],"predecessor-version":[{"id":1505,"href":"https:\/\/fiberrecycling.com\/es\/wp-json\/wp\/v2\/posts\/1491\/revisions\/1505"}],"wp:featuredmedia":[{"embeddable":true,"href":"https:\/\/fiberrecycling.com\/es\/wp-json\/wp\/v2\/media\/1499"}],"wp:attachment":[{"href":"https:\/\/fiberrecycling.com\/es\/wp-json\/wp\/v2\/media?parent=1491"}],"wp:term":[{"taxonomy":"category","embeddable":true,"href":"https:\/\/fiberrecycling.com\/es\/wp-json\/wp\/v2\/categories?post=1491"},{"taxonomy":"post_tag","embeddable":true,"href":"https:\/\/fiberrecycling.com\/es\/wp-json\/wp\/v2\/tags?post=1491"}],"curies":[{"name":"wp","href":"https:\/\/api.w.org\/{rel}","templated":true}]}}