{"id":350,"date":"2020-10-21T07:50:05","date_gmt":"2020-10-21T07:50:05","guid":{"rendered":"https:\/\/fiberrecycling.com\/?p=350"},"modified":"2024-12-25T18:01:49","modified_gmt":"2024-12-25T10:01:49","slug":"for-environmental-protection-to-contribute-to-the-baling-machine-equipment","status":"publish","type":"post","link":"https:\/\/fiberrecycling.com\/es\/for-environmental-protection-to-contribute-to-the-baling-machine-equipment\/","title":{"rendered":"Para que la protecci\u00f3n del medio ambiente contribuya al equipo de la m\u00e1quina empacadora."},"content":{"rendered":"<div class=\"kk-star-ratings kksr-auto kksr-align-left kksr-valign-top\"     data-payload='{&quot;align&quot;:&quot;left&quot;,&quot;id&quot;:&quot;350&quot;,&quot;slug&quot;:&quot;default&quot;,&quot;valign&quot;:&quot;top&quot;,&quot;ignore&quot;:&quot;&quot;,&quot;reference&quot;:&quot;auto&quot;,&quot;class&quot;:&quot;&quot;,&quot;count&quot;:&quot;8&quot;,&quot;legendonly&quot;:&quot;&quot;,&quot;readonly&quot;:&quot;&quot;,&quot;score&quot;:&quot;4.6&quot;,&quot;starsonly&quot;:&quot;&quot;,&quot;best&quot;:&quot;5&quot;,&quot;gap&quot;:&quot;5&quot;,&quot;greet&quot;:&quot;Rate this post&quot;,&quot;legend&quot;:&quot;4.6\\\/5 - (8 votos)&quot;,&quot;size&quot;:&quot;24&quot;,&quot;title&quot;:&quot;For environmental protection to contribute to the baling machine equipment&quot;,&quot;width&quot;:&quot;130.9&quot;,&quot;_legend&quot;:&quot;{score}\\\/{best} - ({count} {votes})&quot;,&quot;font_factor&quot;:&quot;1.25&quot;}'>              <div class=\"kksr-stars\">      <div class=\"kksr-stars-inactive\">             <div class=\"kksr-star\" data-star=\"1\" style=\"padding-right: 5px\">               <div class=\"kksr-icon\" style=\"width: 24px; height: 24px;\"><\/div>         <\/div>             <div class=\"kksr-star\" data-star=\"2\" style=\"padding-right: 5px\">               <div class=\"kksr-icon\" style=\"width: 24px; height: 24px;\"><\/div>         <\/div>             <div class=\"kksr-star\" data-star=\"3\" style=\"padding-right: 5px\">               <div class=\"kksr-icon\" style=\"width: 24px; height: 24px;\"><\/div>         <\/div>             <div class=\"kksr-star\" data-star=\"4\" style=\"padding-right: 5px\">               <div class=\"kksr-icon\" style=\"width: 24px; height: 24px;\"><\/div>         <\/div>             <div class=\"kksr-star\" data-star=\"5\" style=\"padding-right: 5px\">               <div class=\"kksr-icon\" style=\"width: 24px; height: 24px;\"><\/div>         <\/div>     <\/div>      <div class=\"kksr-stars-active\" style=\"width: 130.9px;\">             <div class=\"kksr-star\" style=\"padding-right: 5px\">               <div class=\"kksr-icon\" style=\"width: 24px; height: 24px;\"><\/div>         <\/div>             <div class=\"kksr-star\" style=\"padding-right: 5px\">               <div class=\"kksr-icon\" style=\"width: 24px; height: 24px;\"><\/div>         <\/div>             <div class=\"kksr-star\" style=\"padding-right: 5px\">               <div class=\"kksr-icon\" style=\"width: 24px; height: 24px;\"><\/div>         <\/div>             <div class=\"kksr-star\" style=\"padding-right: 5px\">               <div class=\"kksr-icon\" style=\"width: 24px; height: 24px;\"><\/div>         <\/div>             <div class=\"kksr-star\" style=\"padding-right: 5px\">               <div class=\"kksr-icon\" style=\"width: 24px; height: 24px;\"><\/div>         <\/div>     <\/div> <\/div>                   <div class=\"kksr-legend\" style=\"font-size: 19.2px;\">             4,6\/5 - (8 votos)    <\/div>     <\/div>  <p class=\"wp-block-paragraph\">Con la profundizaci\u00f3n del tema de la protecci\u00f3n del medio ambiente, las medidas de protecci\u00f3n del medio ambiente en la sociedad son cada vez m\u00e1s maduras. La prohibici\u00f3n de las bolsas de pl\u00e1stico, el reciclaje de basura y la promoci\u00f3n de una vida con bajas emisiones de carbono tienen como objetivo la protecci\u00f3n del medio ambiente. Con la prohibici\u00f3n de las bolsas de pl\u00e1stico, las m\u00e1quinas empacadoras han entrado en una etapa hist\u00f3rica de la vida de las personas.  La m\u00e1quina empacadora no s\u00f3lo debe transportarse a las f\u00e1bricas, sino que tambi\u00e9n puede verse en todas partes en la vida diaria, contribuyendo a la protecci\u00f3n del medio ambiente humano.<\/p>    <h2 class=\"wp-block-heading\" id=\"h-baling-machines-are-constantly-innovating\"><a href=\"https:\/\/fiberrecycling.com\/es\/vertical-hydraulic-baler\/\">M\u00e1quinas empacadoras<\/a>  est\u00e1n constantemente innovando<\/h2>    <p class=\"wp-block-paragraph\">La implementaci\u00f3n del l\u00edmite de pl\u00e1stico tiene como objetivo reemplazar los pl\u00e1sticos con materiales m\u00e1s ecol\u00f3gicos para servir a las personas en el futuro. El papel es un material econ\u00f3mico, f\u00e1cil de entender y respetuoso con el medio ambiente. El uso generalizado del papel pone de relieve el papel de la empacadora.<br><\/p>    <figure class=\"wp-block-image size-large\"><img fetchpriority=\"high\" decoding=\"async\" width=\"750\" height=\"750\" src=\"https:\/\/fiberrecycling.com\/wp-content\/uploads\/2020\/10\/9-3.jpg\" alt=\"M\u00e1quina empacadora Shuliy\" class=\"wp-image-351\" srcset=\"https:\/\/fiberrecycling.com\/wp-content\/uploads\/2020\/10\/9-3.jpg 750w, https:\/\/fiberrecycling.com\/wp-content\/uploads\/2020\/10\/9-3-300x300.jpg 300w, https:\/\/fiberrecycling.com\/wp-content\/uploads\/2020\/10\/9-3-150x150.jpg 150w\" sizes=\"(max-width: 750px) 100vw, 750px\" \/><figcaption>M\u00e1quina empacadora Shuliy<\/figcaption><\/figure>    <p class=\"wp-block-paragraph\">Mientras que todo el pueblo aboga por la protecci\u00f3n del medio ambiente y la implementa, la industria de las m\u00e1quinas empacadoras tampoco est\u00e1 dispuesta a quedarse atr\u00e1s y desarrolla activamente nuevos productos. En la industria de las empacadoras, se ha trabajado arduamente para innovar y desarrollar productos adecuados a la demanda del mercado.<\/p>    <h2 class=\"wp-block-heading\" id=\"h-how-to-do-the-maintenance-of-hydraulic-baler\">C\u00f3mo hacer el mantenimiento de la empacadora hidr\u00e1ulica.<\/h2>    <p class=\"wp-block-paragraph\">En primer lugar, haz un buen trabajo en la sustituci\u00f3n de accesorios. Incluye principalmente sellos del cilindro de aceite, entre el motor y la cubierta de lana de la bomba de engranajes, etc., para garantizar mejor el rendimiento de la empacadora.<\/p>    <figure class=\"wp-block-image size-large\"><img decoding=\"async\" width=\"720\" height=\"540\" src=\"https:\/\/fiberrecycling.com\/wp-content\/uploads\/2020\/10\/vertical-baling-machine-structure_wps\u56fe\u7247-1.jpg\" alt=\"m\u00e1quina empacadora\" class=\"wp-image-352\" srcset=\"https:\/\/fiberrecycling.com\/wp-content\/uploads\/2020\/10\/vertical-baling-machine-structure_wps\u56fe\u7247-1.jpg 720w, https:\/\/fiberrecycling.com\/wp-content\/uploads\/2020\/10\/vertical-baling-machine-structure_wps\u56fe\u7247-1-300x225.jpg 300w\" sizes=\"(max-width: 720px) 100vw, 720px\" \/><figcaption>m\u00e1quina empacadora<\/figcaption><\/figure>    <p class=\"wp-block-paragraph\">Luego, la m\u00e1quina empacadora debe precalentarse antes de cada producci\u00f3n, la producci\u00f3n debe realizarse despu\u00e9s de que todo sea normal. Y la m\u00e1quina debe recibir mantenimiento despu\u00e9s del procesamiento diario, como fijaci\u00f3n de tornillos, suplemento de aceite hidr\u00e1ulico, etc.<br><\/p>    <figure class=\"wp-block-image size-large\"><img decoding=\"async\" width=\"750\" height=\"750\" src=\"https:\/\/fiberrecycling.com\/wp-content\/uploads\/2020\/10\/06_wps\u56fe\u7247.jpg\" alt=\"Empacadora hidr\u00e1ulica vertical de doble cilindro\" class=\"wp-image-353\" srcset=\"https:\/\/fiberrecycling.com\/wp-content\/uploads\/2020\/10\/06_wps\u56fe\u7247.jpg 750w, https:\/\/fiberrecycling.com\/wp-content\/uploads\/2020\/10\/06_wps\u56fe\u7247-300x300.jpg 300w, https:\/\/fiberrecycling.com\/wp-content\/uploads\/2020\/10\/06_wps\u56fe\u7247-150x150.jpg 150w\" sizes=\"(max-width: 750px) 100vw, 750px\" \/><figcaption>Empacadora hidr\u00e1ulica vertical de doble cilindro<\/figcaption><\/figure>    <p class=\"wp-block-paragraph\">Solo realice por completo el mantenimiento diario de la empacadora hidr\u00e1ulica, entonces podr\u00e1n hacer que tenga el mejor efecto y crear el mejor valor. <\/p>    <p class=\"wp-block-paragraph translation-block\">Al mismo tiempo, tambi\u00e9n puede ir a la p\u00e1gina de detalles de la <a href=\"https:\/\/fiberrecycling.com\/es\/vertical-hydraulic-baler\/\">empacadora hidr\u00e1ulica vertical<\/a> para obtener m\u00e1s detalles.<\/p>","protected":false},"excerpt":{"rendered":"<p>Con la profundizaci\u00f3n del tema de la protecci\u00f3n del medio ambiente, las medidas de protecci\u00f3n del medio ambiente en la sociedad son cada vez m\u00e1s maduras. La prohibici\u00f3n de las bolsas de pl\u00e1stico, el reciclaje de basura y la promoci\u00f3n de una vida con bajas emisiones de carbono tienen como objetivo la protecci\u00f3n del medio ambiente. <\/p>","protected":false},"author":1,"featured_media":351,"comment_status":"open","ping_status":"open","sticky":false,"template":"","format":"standard","meta":{"_crdt_document":"","footnotes":""},"categories":[1],"tags":[54],"class_list":["post-350","post","type-post","status-publish","format-standard","has-post-thumbnail","hentry","category-news","tag-textile-recycling"],"_links":{"self":[{"href":"https:\/\/fiberrecycling.com\/es\/wp-json\/wp\/v2\/posts\/350","targetHints":{"allow":["GET"]}}],"collection":[{"href":"https:\/\/fiberrecycling.com\/es\/wp-json\/wp\/v2\/posts"}],"about":[{"href":"https:\/\/fiberrecycling.com\/es\/wp-json\/wp\/v2\/types\/post"}],"author":[{"embeddable":true,"href":"https:\/\/fiberrecycling.com\/es\/wp-json\/wp\/v2\/users\/1"}],"replies":[{"embeddable":true,"href":"https:\/\/fiberrecycling.com\/es\/wp-json\/wp\/v2\/comments?post=350"}],"version-history":[{"count":0,"href":"https:\/\/fiberrecycling.com\/es\/wp-json\/wp\/v2\/posts\/350\/revisions"}],"wp:featuredmedia":[{"embeddable":true,"href":"https:\/\/fiberrecycling.com\/es\/wp-json\/wp\/v2\/media\/351"}],"wp:attachment":[{"href":"https:\/\/fiberrecycling.com\/es\/wp-json\/wp\/v2\/media?parent=350"}],"wp:term":[{"taxonomy":"category","embeddable":true,"href":"https:\/\/fiberrecycling.com\/es\/wp-json\/wp\/v2\/categories?post=350"},{"taxonomy":"post_tag","embeddable":true,"href":"https:\/\/fiberrecycling.com\/es\/wp-json\/wp\/v2\/tags?post=350"}],"curies":[{"name":"wp","href":"https:\/\/api.w.org\/{rel}","templated":true}]}}