{"id":461,"date":"2021-02-02T03:02:52","date_gmt":"2021-02-02T03:02:52","guid":{"rendered":"https:\/\/fiberrecycling.com\/?p=461"},"modified":"2024-12-25T18:00:45","modified_gmt":"2024-12-25T10:00:45","slug":"how-can-we-recycle-waste-clothes","status":"publish","type":"post","link":"https:\/\/fiberrecycling.com\/fr\/how-can-we-recycle-waste-clothes\/","title":{"rendered":"Comment recycler les v\u00eatements usag\u00e9s ?"},"content":{"rendered":"<div class=\"kk-star-ratings kksr-auto kksr-align-left kksr-valign-top\"     data-payload='{&quot;align&quot;:&quot;left&quot;,&quot;id&quot;:&quot;461&quot;,&quot;slug&quot;:&quot;default&quot;,&quot;valign&quot;:&quot;top&quot;,&quot;ignore&quot;:&quot;&quot;,&quot;reference&quot;:&quot;auto&quot;,&quot;class&quot;:&quot;&quot;,&quot;count&quot;:&quot;28&quot;,&quot;legendonly&quot;:&quot;&quot;,&quot;readonly&quot;:&quot;&quot;,&quot;score&quot;:&quot;4.6&quot;,&quot;starsonly&quot;:&quot;&quot;,&quot;best&quot;:&quot;5&quot;,&quot;gap&quot;:&quot;5&quot;,&quot;greet&quot;:&quot;Rate this post&quot;,&quot;legend&quot;:&quot;4.6\\\/5 - (28 votes)&quot;,&quot;size&quot;:&quot;24&quot;,&quot;title&quot;:&quot;How can we recycle waste clothes?&quot;,&quot;width&quot;:&quot;130.9&quot;,&quot;_legend&quot;:&quot;{score}\\\/{best} - ({count} {votes})&quot;,&quot;font_factor&quot;:&quot;1.25&quot;}'>              <div class=\"kksr-stars\">      <div class=\"kksr-stars-inactive\">             <div class=\"kksr-star\" data-star=\"1\" style=\"padding-right: 5px\">               <div class=\"kksr-icon\" style=\"width: 24px; height: 24px;\"><\/div>         <\/div>             <div class=\"kksr-star\" data-star=\"2\" style=\"padding-right: 5px\">               <div class=\"kksr-icon\" style=\"width: 24px; height: 24px;\"><\/div>         <\/div>             <div class=\"kksr-star\" data-star=\"3\" style=\"padding-right: 5px\">               <div class=\"kksr-icon\" style=\"width: 24px; height: 24px;\"><\/div>         <\/div>             <div class=\"kksr-star\" data-star=\"4\" style=\"padding-right: 5px\">               <div class=\"kksr-icon\" style=\"width: 24px; height: 24px;\"><\/div>         <\/div>             <div class=\"kksr-star\" data-star=\"5\" style=\"padding-right: 5px\">               <div class=\"kksr-icon\" style=\"width: 24px; height: 24px;\"><\/div>         <\/div>     <\/div>      <div class=\"kksr-stars-active\" style=\"width: 130.9px;\">             <div class=\"kksr-star\" style=\"padding-right: 5px\">               <div class=\"kksr-icon\" style=\"width: 24px; height: 24px;\"><\/div>         <\/div>             <div class=\"kksr-star\" style=\"padding-right: 5px\">               <div class=\"kksr-icon\" style=\"width: 24px; height: 24px;\"><\/div>         <\/div>             <div class=\"kksr-star\" style=\"padding-right: 5px\">               <div class=\"kksr-icon\" style=\"width: 24px; height: 24px;\"><\/div>         <\/div>             <div class=\"kksr-star\" style=\"padding-right: 5px\">               <div class=\"kksr-icon\" style=\"width: 24px; height: 24px;\"><\/div>         <\/div>             <div class=\"kksr-star\" style=\"padding-right: 5px\">               <div class=\"kksr-icon\" style=\"width: 24px; height: 24px;\"><\/div>         <\/div>     <\/div> <\/div>                   <div class=\"kksr-legend\" style=\"font-size: 19.2px;\">             4,6\/5 - (28 votes)    <\/div>     <\/div>  <p class=\"wp-block-paragraph translation-block\">Avec l'augmentation significative de la production de v\u00eatements, la quantit\u00e9 de d\u00e9chets augmente \u00e9galement. Et sa croissance rapide a caus\u00e9 de grands dommages \u00e0 l'environnement naturel. <strong>Le recyclage des v\u00eatements usag\u00e9s<\/strong> est \u00e9galement une industrie qui a un besoin urgent de d\u00e9veloppement rapide \u00e0 l'heure actuelle. Alors, pour le recyclage des v\u00eatements, comment devrions-nous proc\u00e9der ?<\/p>    <h2 class=\"wp-block-heading\" id=\"h-the-influence-of-waste-clothes-on-the-living-environment\">L'influence des d\u00e9chets de v\u00eatements sur le cadre de vie<\/h2>    <p class=\"wp-block-paragraph\">Les v\u00eatements jet\u00e9s deviennent des d\u00e9chets solides et des statistiques incompl\u00e8tes montrent que l'industrie de la mode repr\u00e9sente actuellement 10 % des \u00e9missions mondiales de gaz \u00e0 effet de serre. La production textile \u00e0 elle seule lib\u00e8re chaque ann\u00e9e environ 1,2 milliard de tonnes de gaz \u00e0 effet de serre dans l\u2019atmosph\u00e8re.<br>L\u2019industrie de la mode est \u00e9galement responsable de 20 % des eaux us\u00e9es mondiales, en raison de processus tels que l\u2019utilisation de l\u2019eau pour le nettoyage ou la teinture. Tous ces \u00e9l\u00e9ments ont un impact subtil sur l\u2019environnement de vie quotidien des gens.<\/p>    <figure class=\"wp-block-image size-large is-resized\"><img fetchpriority=\"high\" decoding=\"async\" src=\"https:\/\/fiberrecycling.com\/wp-content\/uploads\/2021\/02\/Old-clothes-that-have-been-discarded.jpg\" alt=\"De vieux v\u00eatements jet\u00e9s\" class=\"wp-image-549\" width=\"834\" height=\"476\" srcset=\"https:\/\/fiberrecycling.com\/wp-content\/uploads\/2021\/02\/Old-clothes-that-have-been-discarded.jpg 580w, https:\/\/fiberrecycling.com\/wp-content\/uploads\/2021\/02\/Old-clothes-that-have-been-discarded-300x171.jpg 300w\" sizes=\"(max-width: 834px) 100vw, 834px\" \/><figcaption>De vieux v\u00eatements jet\u00e9s<\/figcaption><\/figure>    <h2 class=\"wp-block-heading\" id=\"h-how-to-recycle-waste-clothes\">Comment recycler les vieux v\u00eatements ?<\/h2>    <p class=\"wp-block-paragraph translation-block\">Les textiles non r\u00e9utilisables repr\u00e9sentent environ 40 %. Environ certains des textiles \u00e0 forte absorption d'eau seront hach\u00e9s, d\u00e9compos\u00e9s et reconditionn\u00e9s. Le passage \u00e0 des produits en tissu propre, comme d'autres textiles, entrera dans une autre \u00e9tape, ce qui n\u00e9cessitera une refonte. Les fibres, apr\u00e8s traitement circulaire, deviennent des fibres textiles, souvent cette \u00e9tape de broyage et de refonte impliquera <a href=\"https:\/\/fiberrecycling.com\/fr\/machine-de-decoupe-de-fibres-textiles\/\"><strong>machine de d\u00e9coupe de fibres<\/strong><\/a> et <strong><a href=\"https:\/\/fiberrecycling.com\/fr\/learn-more-about-the-fiber-opening-machine\/\">machine d'ouverture<\/a><\/strong>; Ou utilis\u00e9es dans l'industrie automobile, pour fabriquer des produits d'amortissement et d'isolation.<br><\/p>    <figure class=\"wp-block-image size-large is-resized\"><img decoding=\"async\" src=\"https:\/\/fiberrecycling.com\/wp-content\/uploads\/2021\/01\/Textile-fiber-cutting-machine.jpg\" alt=\"Machine de d\u00e9coupe de fibres textiles\" class=\"wp-image-451\" width=\"834\" height=\"556\" srcset=\"https:\/\/fiberrecycling.com\/wp-content\/uploads\/2021\/01\/Textile-fiber-cutting-machine.jpg 800w, https:\/\/fiberrecycling.com\/wp-content\/uploads\/2021\/01\/Textile-fiber-cutting-machine-300x200.jpg 300w, https:\/\/fiberrecycling.com\/wp-content\/uploads\/2021\/01\/Textile-fiber-cutting-machine-768x512.jpg 768w\" sizes=\"(max-width: 834px) 100vw, 834px\" \/><figcaption>Machine de d\u00e9coupe de fibres textiles<\/figcaption><\/figure>    <figure class=\"wp-block-image size-large\"><img decoding=\"async\" width=\"1024\" height=\"768\" src=\"https:\/\/fiberrecycling.com\/wp-content\/uploads\/2021\/01\/Fiber-opener-and-cleaner-1024x768.jpg\" alt=\"Ouvre-fibre et nettoyant\" class=\"wp-image-452\" srcset=\"https:\/\/fiberrecycling.com\/wp-content\/uploads\/2021\/01\/Fiber-opener-and-cleaner-1024x768.jpg 1024w, https:\/\/fiberrecycling.com\/wp-content\/uploads\/2021\/01\/Fiber-opener-and-cleaner-300x225.jpg 300w, https:\/\/fiberrecycling.com\/wp-content\/uploads\/2021\/01\/Fiber-opener-and-cleaner-768x576.jpg 768w, https:\/\/fiberrecycling.com\/wp-content\/uploads\/2021\/01\/Fiber-opener-and-cleaner.jpg 1334w\" sizes=\"(max-width: 1024px) 100vw, 1024px\" \/><figcaption>Ouvre-fibre et nettoyant<\/figcaption><\/figure>    <p class=\"wp-block-paragraph\">Les boutons m\u00e9talliques, fermetures \u00e9clair et autres accessoires qui ne peuvent pas \u00eatre dig\u00e9r\u00e9s lors de ces processus seront automatiquement collect\u00e9s et transmis \u00e0 d'autres entreprises de recyclage. Les v\u00eatements qui ne peuvent pas \u00eatre port\u00e9s, r\u00e9utilis\u00e9s ou recycl\u00e9s peuvent \u00eatre utilis\u00e9s pour produire de l\u2019\u00e9nergie.<\/p>    <h2 class=\"wp-block-heading\" id=\"h-recycling-industry-development-of-used-clothes\">D\u00e9veloppement de l\u2019industrie du recyclage des v\u00eatements usag\u00e9s<\/h2>    <p class=\"wp-block-paragraph\">En fait, le recyclage des d\u00e9chets de v\u00eatements est un d\u00e9fi difficile \u00e0 relever \u00e0 l'\u00e9chelle mondiale. Mais les perspectives de d\u00e9veloppement de cette industrie sont incommensurables. Face \u00e0 la promotion vigoureuse de la soci\u00e9t\u00e9 de recyclage des ressources de nos jours, les d\u00e9chets de v\u00eatements et le recyclage ont fait l'objet de plus en plus de gens y ont pr\u00eat\u00e9 une grande attention. Par cons\u00e9quent, aussi longtemps que l'industrie du v\u00eatement, l'industrie du recyclage des v\u00eatements ne sera jamais indispensable.<\/p>    <h2 class=\"wp-block-heading\" id=\"h-how-to-promote-the-recycling-of-waste-clothes\">Comment promouvoir le recyclage des v\u00eatements usag\u00e9s<\/h2>    <p class=\"wp-block-paragraph\">Le recyclage des v\u00eatements usag\u00e9s n'est pas encourag\u00e9 dans certains pays. Certains ne r\u00e9alisent donc pas quel est le v\u00e9ritable objectif de cette mesure de recyclage.<br><\/p>    <figure class=\"wp-block-image size-large\"><img loading=\"lazy\" decoding=\"async\" width=\"1024\" height=\"765\" src=\"https:\/\/fiberrecycling.com\/wp-content\/uploads\/2021\/02\/Waste-textile-recycling-1024x765.jpg\" alt=\"Recyclage des d\u00e9chets textiles\" class=\"wp-image-550\" srcset=\"https:\/\/fiberrecycling.com\/wp-content\/uploads\/2021\/02\/Waste-textile-recycling-1024x765.jpg 1024w, https:\/\/fiberrecycling.com\/wp-content\/uploads\/2021\/02\/Waste-textile-recycling-300x224.jpg 300w, https:\/\/fiberrecycling.com\/wp-content\/uploads\/2021\/02\/Waste-textile-recycling-768x573.jpg 768w, https:\/\/fiberrecycling.com\/wp-content\/uploads\/2021\/02\/Waste-textile-recycling.jpg 1271w\" sizes=\"(max-width: 1024px) 100vw, 1024px\" \/><figcaption>Recyclage des d\u00e9chets textiles<\/figcaption><\/figure>    <p class=\"wp-block-paragraph translation-block\">Pour bien promouvoir le recyclage des tissus, nous devrions d'abord commencer par l'industrie de l'habillement. Afin que les consommateurs aient conscience du recyclage des v\u00eatements usag\u00e9s d\u00e8s l'achat de v\u00eatements. Ce qui aidera mieux au <a href=\"https:\/\/fiberrecycling.com\/fr\/how-can-we-recycle-waste-clothes\/\"><strong>recyclage des v\u00eatements<\/strong><\/a> par la suite.<\/p>","protected":false},"excerpt":{"rendered":"<p>Avec l\u2019augmentation significative de la production de v\u00eatements, la quantit\u00e9 de d\u00e9chets augmente \u00e9galement. Et sa croissance rapide a caus\u00e9 de graves dommages \u00e0 l\u2019environnement naturel. Le recyclage des v\u00eatements usag\u00e9s est \u00e9galement une industrie qui a actuellement un besoin urgent de d\u00e9veloppement rapide. Alors pour le recyclage des v\u00eatements, comment faut-il proc\u00e9der ?<\/p>","protected":false},"author":1,"featured_media":551,"comment_status":"open","ping_status":"open","sticky":false,"template":"","format":"standard","meta":{"_crdt_document":"","footnotes":""},"categories":[1],"tags":[54],"class_list":["post-461","post","type-post","status-publish","format-standard","has-post-thumbnail","hentry","category-news","tag-textile-recycling"],"_links":{"self":[{"href":"https:\/\/fiberrecycling.com\/fr\/wp-json\/wp\/v2\/posts\/461","targetHints":{"allow":["GET"]}}],"collection":[{"href":"https:\/\/fiberrecycling.com\/fr\/wp-json\/wp\/v2\/posts"}],"about":[{"href":"https:\/\/fiberrecycling.com\/fr\/wp-json\/wp\/v2\/types\/post"}],"author":[{"embeddable":true,"href":"https:\/\/fiberrecycling.com\/fr\/wp-json\/wp\/v2\/users\/1"}],"replies":[{"embeddable":true,"href":"https:\/\/fiberrecycling.com\/fr\/wp-json\/wp\/v2\/comments?post=461"}],"version-history":[{"count":0,"href":"https:\/\/fiberrecycling.com\/fr\/wp-json\/wp\/v2\/posts\/461\/revisions"}],"wp:featuredmedia":[{"embeddable":true,"href":"https:\/\/fiberrecycling.com\/fr\/wp-json\/wp\/v2\/media\/551"}],"wp:attachment":[{"href":"https:\/\/fiberrecycling.com\/fr\/wp-json\/wp\/v2\/media?parent=461"}],"wp:term":[{"taxonomy":"category","embeddable":true,"href":"https:\/\/fiberrecycling.com\/fr\/wp-json\/wp\/v2\/categories?post=461"},{"taxonomy":"post_tag","embeddable":true,"href":"https:\/\/fiberrecycling.com\/fr\/wp-json\/wp\/v2\/tags?post=461"}],"curies":[{"name":"wp","href":"https:\/\/api.w.org\/{rel}","templated":true}]}}