{"id":1191,"date":"2023-06-07T16:43:59","date_gmt":"2023-06-07T08:43:59","guid":{"rendered":"https:\/\/fiberrecycling.com\/?p=1191"},"modified":"2024-12-25T17:55:13","modified_gmt":"2024-12-25T09:55:13","slug":"why-use-fiber-carding-machines-in-the-textile-industry","status":"publish","type":"post","link":"https:\/\/fiberrecycling.com\/pt\/why-use-fiber-carding-machines-in-the-textile-industry\/","title":{"rendered":"Por que usar cardadoras de fibra na ind\u00fastria t\u00eaxtil\uff1f"},"content":{"rendered":"<div class=\"kk-star-ratings kksr-auto kksr-align-left kksr-valign-top\"     data-payload='{&quot;align&quot;:&quot;left&quot;,&quot;id&quot;:&quot;1191&quot;,&quot;slug&quot;:&quot;default&quot;,&quot;valign&quot;:&quot;top&quot;,&quot;ignore&quot;:&quot;&quot;,&quot;reference&quot;:&quot;auto&quot;,&quot;class&quot;:&quot;&quot;,&quot;count&quot;:&quot;14&quot;,&quot;legendonly&quot;:&quot;&quot;,&quot;readonly&quot;:&quot;&quot;,&quot;score&quot;:&quot;4.5&quot;,&quot;starsonly&quot;:&quot;&quot;,&quot;best&quot;:&quot;5&quot;,&quot;gap&quot;:&quot;5&quot;,&quot;greet&quot;:&quot;Rate this post&quot;,&quot;legend&quot;:&quot;4.5\\\/5 - (14 votes)&quot;,&quot;size&quot;:&quot;24&quot;,&quot;title&quot;:&quot;Why use fiber carding machines in the textile industry\uff1f&quot;,&quot;width&quot;:&quot;128&quot;,&quot;_legend&quot;:&quot;{score}\\\/{best} - ({count} {votes})&quot;,&quot;font_factor&quot;:&quot;1.25&quot;}'>              <div class=\"kksr-stars\">      <div class=\"kksr-stars-inactive\">             <div class=\"kksr-star\" data-star=\"1\" style=\"padding-right: 5px\">               <div class=\"kksr-icon\" style=\"width: 24px; height: 24px;\"><\/div>         <\/div>             <div class=\"kksr-star\" data-star=\"2\" style=\"padding-right: 5px\">               <div class=\"kksr-icon\" style=\"width: 24px; height: 24px;\"><\/div>         <\/div>             <div class=\"kksr-star\" data-star=\"3\" style=\"padding-right: 5px\">               <div class=\"kksr-icon\" style=\"width: 24px; height: 24px;\"><\/div>         <\/div>             <div class=\"kksr-star\" data-star=\"4\" style=\"padding-right: 5px\">               <div class=\"kksr-icon\" style=\"width: 24px; height: 24px;\"><\/div>         <\/div>             <div class=\"kksr-star\" data-star=\"5\" style=\"padding-right: 5px\">               <div class=\"kksr-icon\" style=\"width: 24px; height: 24px;\"><\/div>         <\/div>     <\/div>      <div class=\"kksr-stars-active\" style=\"width: 128px;\">             <div class=\"kksr-star\" style=\"padding-right: 5px\">               <div class=\"kksr-icon\" style=\"width: 24px; height: 24px;\"><\/div>         <\/div>             <div class=\"kksr-star\" style=\"padding-right: 5px\">               <div class=\"kksr-icon\" style=\"width: 24px; height: 24px;\"><\/div>         <\/div>             <div class=\"kksr-star\" style=\"padding-right: 5px\">               <div class=\"kksr-icon\" style=\"width: 24px; height: 24px;\"><\/div>         <\/div>             <div class=\"kksr-star\" style=\"padding-right: 5px\">               <div class=\"kksr-icon\" style=\"width: 24px; height: 24px;\"><\/div>         <\/div>             <div class=\"kksr-star\" style=\"padding-right: 5px\">               <div class=\"kksr-icon\" style=\"width: 24px; height: 24px;\"><\/div>         <\/div>     <\/div> <\/div>                   <div class=\"kksr-legend\" style=\"font-size: 19.2px;\">             4,5\/5 - (14 votos)    <\/div>     <\/div>  <p class=\"wp-block-paragraph\">Nos \u00faltimos anos, a ind\u00fastria t\u00eaxtil tem testemunhado uma \u00eanfase crescente na sustentabilidade e na conserva\u00e7\u00e3o de recursos. Como parte destes esfor\u00e7os, a reciclagem de res\u00edduos t\u00eaxteis ganhou uma aten\u00e7\u00e3o significativa. A reciclagem n\u00e3o s\u00f3 reduz o impacto ambiental, mas tamb\u00e9m apresenta oportunidades econ\u00f3micas. Uma tecnologia chave que impulsiona o processo de reciclagem \u00e9 a m\u00e1quina de cardar fibra. Vamos explorar por que o uso de m\u00e1quinas de cardar fibra \u00e9 crucial na reciclagem de res\u00edduos t\u00eaxteis.<\/p>    <h2 class=\"wp-block-heading\">A import\u00e2ncia da reciclagem de res\u00edduos t\u00eaxteis<\/h2>    <p class=\"wp-block-paragraph\">Os res\u00edduos t\u00eaxteis, incluindo roupas descartadas, restos de tecidos e restos t\u00eaxteis p\u00f3s-industriais, representam desafios ambientais significativos. A disposi\u00e7\u00e3o convencional desses materiais em aterros contribui para a polui\u00e7\u00e3o e desperdi\u00e7a recursos valiosos. A reciclagem de res\u00edduos t\u00eaxteis oferece uma solu\u00e7\u00e3o sustent\u00e1vel, desviando estes materiais dos aterros e reintroduzindo-os no ciclo de produ\u00e7\u00e3o.<\/p>    <figure class=\"wp-block-image aligncenter size-full\"><img fetchpriority=\"high\" decoding=\"async\" width=\"720\" height=\"540\" src=\"https:\/\/fiberrecycling.com\/wp-content\/uploads\/2023\/06\/Shuliys-fiber-carding-machines.webp\" alt=\"M\u00e1quinas de cardar fibra da Shuliy\" class=\"wp-image-1193\"\/><figcaption class=\"wp-element-caption\">Cardadoras de fibra Shuliy<\/figcaption><\/figure>    <h2 class=\"wp-block-heading\">M\u00e1quina de cardar fibra: transformando res\u00edduos t\u00eaxteis<\/h2>    <ol class=\"wp-block-list\"> <li>Classifica\u00e7\u00e3o e separa\u00e7\u00e3o eficiente de fibras: As m\u00e1quinas de cardar res\u00edduos de fibras desempenham um papel vital no processamento inicial de res\u00edduos t\u00eaxteis. Por meio de pentes ou rolos girat\u00f3rios, essas m\u00e1quinas penteiam e separam as fibras, desembara\u00e7ando os materiais entrela\u00e7ados. Este processo garante que as fibras sejam distribu\u00eddas uniformemente, tornando-as mais f\u00e1ceis de manusear e processar posteriormente.<\/li>    <li>Remo\u00e7\u00e3o de impurezas: Durante o processo de carda\u00e7\u00e3o, as m\u00e1quinas abridoras de fibras tamb\u00e9m eliminam impurezas como poeira, peda\u00e7os de papel e outros contaminantes das fibras. Esta etapa de purifica\u00e7\u00e3o melhora a qualidade das fibras recicladas e garante a sua adequa\u00e7\u00e3o para processos de fabrica\u00e7\u00e3o subsequentes.<\/li>    <li>Separa\u00e7\u00e3o de espessura personaliz\u00e1vel: <a href=\"https:\/\/de.wikipedia.org\/wiki\/Textile\" target=\"_blank\" rel=\"noopener\">t\u00eaxtil<\/a> as m\u00e1quinas de cardar res\u00edduos oferecem flexibilidade para separar fibras com base em sua espessura. Ao ajustar o espa\u00e7amento entre pentes ou rolos, a m\u00e1quina pode separar fibras grossas e finas, permitindo a produ\u00e7\u00e3o de diferentes produtos t\u00eaxteis com requisitos espec\u00edficos de espessura de fibra.<\/li>    <li>Melhorando a qualidade da fibra: O processo de carda\u00e7\u00e3o controlado realizado por <a href=\"https:\/\/fiberrecycling.com\/pt\/fiber-opener\/\">m\u00e1quinas de cardar fibra<\/a> alinha as fibras, melhorando seu alinhamento e orienta\u00e7\u00e3o paralela. Esta qualidade aprimorada da fibra resulta em melhores propriedades do fio e do tecido, contribuindo em \u00faltima an\u00e1lise para a produ\u00e7\u00e3o de produtos t\u00eaxteis de maior qualidade.<\/li>    <li>Conserva\u00e7\u00e3o de recursos: Ao reciclar res\u00edduos t\u00eaxteis com m\u00e1quinas de cardar fibra, s\u00e3o conservados recursos valiosos. As fibras recuperadas podem ser reaproveitadas em diversas aplica\u00e7\u00f5es, reduzindo a necessidade de materiais virgens. Esta conserva\u00e7\u00e3o de recursos contribui para a sustentabilidade global da ind\u00fastria t\u00eaxtil.<\/li> <\/ol>    <figure class=\"wp-block-image aligncenter size-full\"><img decoding=\"async\" width=\"720\" height=\"540\" src=\"https:\/\/fiberrecycling.com\/wp-content\/uploads\/2023\/06\/textile-waste-carding-machine-for-sale.webp\" alt=\"M\u00e1quina de cardar res\u00edduos t\u00eaxteis para venda\" class=\"wp-image-1194\"\/><figcaption class=\"wp-element-caption\">M\u00e1quina de cardar res\u00edduos t\u00eaxteis para venda<\/figcaption><\/figure>    <h2 class=\"wp-block-heading\">A demanda por cardadoras de fibra est\u00e1 aumentando rapidamente<\/h2>    <p class=\"wp-block-paragraph\">A integra\u00e7\u00e3o de m\u00e1quinas de cardar fibras no processo de reciclagem t\u00eaxtil \u00e9 um passo significativo em dire\u00e7\u00e3o a uma ind\u00fastria t\u00eaxtil sustent\u00e1vel. Ao processar eficientemente res\u00edduos t\u00eaxteis, estas m\u00e1quinas facilitam a transforma\u00e7\u00e3o de materiais descartados em recursos valiosos. Isto n\u00e3o s\u00f3 minimiza o desperd\u00edcio, mas tamb\u00e9m reduz a pegada ambiental da produ\u00e7\u00e3o t\u00eaxtil.<\/p>    <p class=\"wp-block-paragraph\">Al\u00e9m disso, a utiliza\u00e7\u00e3o de cardadoras de fibra abre portas para oportunidades de neg\u00f3cios inovadoras. As fibras recicladas podem ser utilizadas por fabricantes t\u00eaxteis, f\u00e1bricas de papel e outras ind\u00fastrias para produzir uma ampla gama de produtos, incluindo novos tecidos, produtos de papel, materiais de isolamento e muito mais. Isto gera valor econ\u00f3mico ao mesmo tempo que reduz a depend\u00eancia da extra\u00e7\u00e3o de mat\u00e9rias-primas.<\/p>","protected":false},"excerpt":{"rendered":"<p>In recent years, the textile industry has witnessed a growing emphasis on sustainability and resource conservation. As part of these efforts, recycling waste textiles has gained significant attention. Recycling not only reduces environmental impact but also presents economic opportunities. One key technology driving the recycling process is the fiber carding machine. Let&#8217;s explore why the [&hellip;]<\/p>\n","protected":false},"author":1,"featured_media":1192,"comment_status":"open","ping_status":"open","sticky":false,"template":"","format":"standard","meta":{"_crdt_document":"","footnotes":""},"categories":[1],"tags":[54],"class_list":["post-1191","post","type-post","status-publish","format-standard","has-post-thumbnail","hentry","category-news","tag-textile-recycling"],"_links":{"self":[{"href":"https:\/\/fiberrecycling.com\/pt\/wp-json\/wp\/v2\/posts\/1191","targetHints":{"allow":["GET"]}}],"collection":[{"href":"https:\/\/fiberrecycling.com\/pt\/wp-json\/wp\/v2\/posts"}],"about":[{"href":"https:\/\/fiberrecycling.com\/pt\/wp-json\/wp\/v2\/types\/post"}],"author":[{"embeddable":true,"href":"https:\/\/fiberrecycling.com\/pt\/wp-json\/wp\/v2\/users\/1"}],"replies":[{"embeddable":true,"href":"https:\/\/fiberrecycling.com\/pt\/wp-json\/wp\/v2\/comments?post=1191"}],"version-history":[{"count":0,"href":"https:\/\/fiberrecycling.com\/pt\/wp-json\/wp\/v2\/posts\/1191\/revisions"}],"wp:featuredmedia":[{"embeddable":true,"href":"https:\/\/fiberrecycling.com\/pt\/wp-json\/wp\/v2\/media\/1192"}],"wp:attachment":[{"href":"https:\/\/fiberrecycling.com\/pt\/wp-json\/wp\/v2\/media?parent=1191"}],"wp:term":[{"taxonomy":"category","embeddable":true,"href":"https:\/\/fiberrecycling.com\/pt\/wp-json\/wp\/v2\/categories?post=1191"},{"taxonomy":"post_tag","embeddable":true,"href":"https:\/\/fiberrecycling.com\/pt\/wp-json\/wp\/v2\/tags?post=1191"}],"curies":[{"name":"wp","href":"https:\/\/api.w.org\/{rel}","templated":true}]}}