{"id":1491,"date":"2026-03-18T09:48:00","date_gmt":"2026-03-18T01:48:00","guid":{"rendered":"https:\/\/fiberrecycling.com\/?p=1491"},"modified":"2026-03-25T14:41:23","modified_gmt":"2026-03-25T06:41:23","slug":"coconut-fiber-processing-vertical-hydraulic-baler","status":"publish","type":"post","link":"https:\/\/fiberrecycling.com\/pt\/coconut-fiber-processing-vertical-hydraulic-baler\/","title":{"rendered":"Processamento de Fibra de Coco com M\u00e1quina de Enfardamento de Fibra de Coir: Um Estudo de Caso Completo"},"content":{"rendered":"<div class=\"kk-star-ratings kksr-auto kksr-align-left kksr-valign-top\"     data-payload='{&quot;align&quot;:&quot;left&quot;,&quot;id&quot;:&quot;1491&quot;,&quot;slug&quot;:&quot;default&quot;,&quot;valign&quot;:&quot;top&quot;,&quot;ignore&quot;:&quot;&quot;,&quot;reference&quot;:&quot;auto&quot;,&quot;class&quot;:&quot;&quot;,&quot;count&quot;:&quot;12&quot;,&quot;legendonly&quot;:&quot;&quot;,&quot;readonly&quot;:&quot;&quot;,&quot;score&quot;:&quot;4.6&quot;,&quot;starsonly&quot;:&quot;&quot;,&quot;best&quot;:&quot;5&quot;,&quot;gap&quot;:&quot;5&quot;,&quot;greet&quot;:&quot;Rate this post&quot;,&quot;legend&quot;:&quot;4.6\\\/5 - (12 votes)&quot;,&quot;size&quot;:&quot;24&quot;,&quot;title&quot;:&quot;Coconut Fiber Processing with Coir Fiber Baling Machine: A Complete Case Study&quot;,&quot;width&quot;:&quot;130.9&quot;,&quot;_legend&quot;:&quot;{score}\\\/{best} - ({count} {votes})&quot;,&quot;font_factor&quot;:&quot;1.25&quot;}'>              <div class=\"kksr-stars\">      <div class=\"kksr-stars-inactive\">             <div class=\"kksr-star\" data-star=\"1\" style=\"padding-right: 5px\">               <div class=\"kksr-icon\" style=\"width: 24px; height: 24px;\"><\/div>         <\/div>             <div class=\"kksr-star\" data-star=\"2\" style=\"padding-right: 5px\">               <div class=\"kksr-icon\" style=\"width: 24px; height: 24px;\"><\/div>         <\/div>             <div class=\"kksr-star\" data-star=\"3\" style=\"padding-right: 5px\">               <div class=\"kksr-icon\" style=\"width: 24px; height: 24px;\"><\/div>         <\/div>             <div class=\"kksr-star\" data-star=\"4\" style=\"padding-right: 5px\">               <div class=\"kksr-icon\" style=\"width: 24px; height: 24px;\"><\/div>         <\/div>             <div class=\"kksr-star\" data-star=\"5\" style=\"padding-right: 5px\">               <div class=\"kksr-icon\" style=\"width: 24px; height: 24px;\"><\/div>         <\/div>     <\/div>      <div class=\"kksr-stars-active\" style=\"width: 130.9px;\">             <div class=\"kksr-star\" style=\"padding-right: 5px\">               <div class=\"kksr-icon\" style=\"width: 24px; height: 24px;\"><\/div>         <\/div>             <div class=\"kksr-star\" style=\"padding-right: 5px\">               <div class=\"kksr-icon\" style=\"width: 24px; height: 24px;\"><\/div>         <\/div>             <div class=\"kksr-star\" style=\"padding-right: 5px\">               <div class=\"kksr-icon\" style=\"width: 24px; height: 24px;\"><\/div>         <\/div>             <div class=\"kksr-star\" style=\"padding-right: 5px\">               <div class=\"kksr-icon\" style=\"width: 24px; height: 24px;\"><\/div>         <\/div>             <div class=\"kksr-star\" style=\"padding-right: 5px\">               <div class=\"kksr-icon\" style=\"width: 24px; height: 24px;\"><\/div>         <\/div>     <\/div> <\/div>                   <div class=\"kksr-legend\" style=\"font-size: 19.2px;\">             4,6\/5 - (12 votos)    <\/div>     <\/div>  <p class=\"wp-block-paragraph translation-block\">A fibra de coco, tamb\u00e9m conhecida como coir, apresenta desafios \u00fanicos de manuseio devido \u00e0 sua baixa densidade aparente e alto volume. Este <strong>estudo de caso de compacta\u00e7\u00e3o de fibra de coco<\/strong> analisa como a LankaCoir Exports, uma empresa de processamento de coir do Sri Lanka, transformou as suas opera\u00e7\u00f5es usando uma m\u00e1quina especializada de compacta\u00e7\u00e3o de fibra de coco.<\/p>    <figure class=\"wp-block-image aligncenter size-full\"><img fetchpriority=\"high\" decoding=\"async\" width=\"720\" height=\"540\" src=\"https:\/\/fiberrecycling.com\/wp-content\/uploads\/2026\/03\/coir-fiber-baling-machine-for-sale.webp\" alt=\"M\u00e1quina de compacta\u00e7\u00e3o de fibra de coco \u00e0 venda\" class=\"wp-image-1501\" srcset=\"https:\/\/fiberrecycling.com\/wp-content\/uploads\/2026\/03\/coir-fiber-baling-machine-for-sale.webp 720w, https:\/\/fiberrecycling.com\/wp-content\/uploads\/2026\/03\/coir-fiber-baling-machine-for-sale-300x225.webp 300w, https:\/\/fiberrecycling.com\/wp-content\/uploads\/2026\/03\/coir-fiber-baling-machine-for-sale-16x12.webp 16w\" sizes=\"(max-width: 720px) 100vw, 720px\" \/><figcaption class=\"wp-element-caption\">M\u00e1quina de compacta\u00e7\u00e3o de fibra de coco \u00e0 venda<\/figcaption><\/figure>    <h2 class=\"wp-block-heading\">Compreendendo as caracter\u00edsticas da fibra de coco<\/h2>    <h3 class=\"wp-block-heading\">Propriedades f\u00edsicas<\/h3>    <p class=\"wp-block-paragraph\">A fibra de coco possui caracter\u00edsticas distintas que afetam o processamento e manuseio:<\/p>    <ul class=\"wp-block-list\"> <li><strong>Baixa densidade de volume:<\/strong> 60-120 kg\/m\u00b3 em forma solta<\/li>    <li><strong>Alta expans\u00e3o:<\/strong> Fibras resistem \u00e0 compress\u00e3o e retornam \u00e0 forma original<\/li>    <li><strong>Conte\u00fado de humidade:<\/strong> Tipicamente 10-15% quando devidamente seco<\/li>    <li><strong>Comprimento da fibra:<\/strong> De 50 a 300mm dependendo do grau de processamento<\/li>    <li><strong>Gera\u00e7\u00e3o de p\u00f3:<\/strong> Part\u00edculas finas criam desafios de manuseio<\/li>    <li><strong>\u00d3leos naturais:<\/strong> O conte\u00fado resin\u00f3ide afeta as caracter\u00edsticas de compress\u00e3o<\/li> <\/ul>    <h3 class=\"wp-block-heading\">Desafios de processamento<\/h3>    <p class=\"wp-block-paragraph\">Estas propriedades f\u00edsicas criam dificuldades operacionais espec\u00edficas:<\/p>    <ul class=\"wp-block-list\"> <li><strong>Inefici\u00eancia de armazenamento:<\/strong> Fibra solta requer de 8 a 10 vezes mais espa\u00e7o no armaz\u00e9m do que a empacotada<\/li>    <li><strong>Custos de transporte:<\/strong> Baixa densidade significa transporte principalmente ar<\/li>    <li><strong>Complexidade de manuseio:<\/strong> Material leve dif\u00edcil de mover e conter<\/li>    <li><strong>Degrada\u00e7\u00e3o da qualidade:<\/strong> Armazenamento inadequado leva \u00e0 absor\u00e7\u00e3o de humidade e mofo<\/li>    <li><strong>Inefici\u00eancia no carregamento:<\/strong> Utiliza\u00e7\u00e3o do contentor tipicamente 30-40% com fibra solta<\/li> <\/ul>    <figure class=\"wp-block-image aligncenter size-full\"><img decoding=\"async\" width=\"720\" height=\"540\" src=\"https:\/\/fiberrecycling.com\/wp-content\/uploads\/2026\/03\/coir-fiber-bales.webp\" alt=\"fardos de fibra de coco\" class=\"wp-image-1499\" srcset=\"https:\/\/fiberrecycling.com\/wp-content\/uploads\/2026\/03\/coir-fiber-bales.webp 720w, https:\/\/fiberrecycling.com\/wp-content\/uploads\/2026\/03\/coir-fiber-bales-300x225.webp 300w, https:\/\/fiberrecycling.com\/wp-content\/uploads\/2026\/03\/coir-fiber-bales-16x12.webp 16w\" sizes=\"(max-width: 720px) 100vw, 720px\" \/><figcaption class=\"wp-element-caption\">fardos de fibra de coco<\/figcaption><\/figure>    <h2 class=\"wp-block-heading\">Contexto do cliente: LankaCoir Exports<\/h2>    <p class=\"wp-block-paragraph\">LankaCoir Exports, fundada em 2005 na regi\u00e3o do tri\u00e2ngulo do coco no Sri Lanka, processa aproximadamente 800 toneladas de fibra de coco anualmente para exporta\u00e7\u00e3o para a Europa, Am\u00e9rica do Norte e \u00c1sia. A empresa produz m\u00faltiplos graus de produtos de coir:<\/p>    <ul class=\"wp-block-list\"> <li>Coco de cerdas (fibras longas para escovas e tapetes)<\/li>    <li>Coco de colch\u00e3o (fibras m\u00e9dias para colch\u00f5es)<\/li>    <li>Coco de mistura (fibras curtas para horticultura)<\/li>    <li>P\u00f3 de coir (res\u00edduo para melhorias do solo)<\/li> <\/ul>    <h3 class=\"wp-block-heading\">Opera\u00e7\u00f5es pr\u00e9-empacotamento<\/h3>    <p class=\"wp-block-paragraph\">Antes de implementar o empacotamento mec\u00e2nico, a LankaCoir enfrentava desafios log\u00edsticos significativos:<\/p>    <figure class=\"wp-block-table\"><table><thead><tr><th>Desafio<\/th><th>Impacto<\/th><th>Custo mensal<\/th><\/tr><\/thead><tbody><tr><td>Espa\u00e7o de armaz\u00e9m<\/td><td>Necess\u00e1rios 2.400 m\u00b2 para invent\u00e1rio de 200 toneladas<\/td><td>Aluguel de $4.800<\/td><\/tr><tr><td>Envio por contentor<\/td><td>3 contentores necess\u00e1rios por pedido de 20 toneladas<\/td><td>Frete de $6.600<\/td><\/tr><tr><td>Manuseio manual<\/td><td>12 trabalhadores para carregamento\/descarregamento<\/td><td>M\u00e3o de obra de $3.600<\/td><\/tr><tr><td>Perda de material<\/td><td>8% de danos\/perda durante o manuseio<\/td><td>Desperd\u00edcio de $4.800<\/td><\/tr><\/tbody><\/table><\/figure>    <h2 class=\"wp-block-heading\">Sele\u00e7\u00e3o de equipamentos e design de solu\u00e7\u00e3o<\/h2>    <p class=\"wp-block-paragraph translation-block\">Ap\u00f3s avaliar v\u00e1rias solu\u00e7\u00f5es de <strong>empacotamento de fibra de coir<\/strong>, a LankaCoir selecionou nosso sistema de <a href=\"https:\/\/fiberrecycling.com\/pt\/vertical-hydraulic-baler\/\">empacotador hidr\u00e1ulico vertical<\/a> especificamente configurado para processamento de fibra de coco.<\/p>    <figure class=\"wp-block-image aligncenter size-full\"><img decoding=\"async\" width=\"540\" height=\"720\" src=\"https:\/\/fiberrecycling.com\/wp-content\/uploads\/2026\/03\/vertical-hydraulic-baler-machine-for-coir-fiber.webp\" alt=\"M\u00e1quina hidr\u00e1ulica vertical de compacta\u00e7\u00e3o para fibra de coco\" class=\"wp-image-1500\" srcset=\"https:\/\/fiberrecycling.com\/wp-content\/uploads\/2026\/03\/vertical-hydraulic-baler-machine-for-coir-fiber.webp 540w, https:\/\/fiberrecycling.com\/wp-content\/uploads\/2026\/03\/vertical-hydraulic-baler-machine-for-coir-fiber-225x300.webp 225w, https:\/\/fiberrecycling.com\/wp-content\/uploads\/2026\/03\/vertical-hydraulic-baler-machine-for-coir-fiber-9x12.webp 9w\" sizes=\"(max-width: 540px) 100vw, 540px\" \/><figcaption class=\"wp-element-caption\">M\u00e1quina hidr\u00e1ulica vertical de compacta\u00e7\u00e3o para fibra de coco<\/figcaption><\/figure>    <h3 class=\"wp-block-heading\">Configura\u00e7\u00e3o de equipamento<\/h3>    <figure class=\"wp-block-table\"><table><thead><tr><th>Equipamento<\/th><th>Modelo<\/th><th>Especifica\u00e7\u00f5es<\/th><th>Quantidade<\/th><\/tr><\/thead><tbody><tr><td>Enfardadeira Hidr\u00e1ulica Vertical<\/td><td>SL60T<\/td><td>Press\u00e3o de 60 toneladas, 1,5-2 toneladas\/hora<\/td><td>2 unidades<\/td><\/tr><tr><td>Sistema de alimenta\u00e7\u00e3o por correia<\/td><td>Personalizado<\/td><td>Transportador inclinado de 3 metros<\/td><td>2 unidades<\/td><\/tr><tr><td>Sistema de fixa\u00e7\u00e3o do fardo<\/td><td>Manual<\/td><td>Fita de PP, 4 fitas por fardo<\/td><td>2 conjuntos<\/td><\/tr><tr><td>Investimento total<\/td><td>&#8211;<\/td><td>&#8211;<\/td><td>$18,500<\/td><\/tr><\/tbody><\/table><\/figure>    <h3 class=\"wp-block-heading\">Recursos personalizados para processamento de coir<\/h3>    <p class=\"wp-block-paragraph translation-block\">A <a href=\"https:\/\/fiberrecycling.com\/pt\/vertical-hydraulic-baler\/\">m\u00e1quina de compacta\u00e7\u00e3o de fibra de coco<\/a> foi configurada com adapta\u00e7\u00f5es espec\u00edficas para fibra de coco:<\/p>    <ul class=\"wp-block-list\"> <li><strong>Curso de compress\u00e3o estendido:<\/strong> Adapta-se \u00e0s caracter\u00edsticas de fibra de alta expans\u00e3o<\/li>    <li><strong>Design de c\u00e2mara fechada:<\/strong> Cont\u00e9m p\u00f3 e impede a fuga de fibras durante a compress\u00e3o<\/li>    <li><strong>Controle de press\u00e3o vari\u00e1vel:<\/strong> Ajust\u00e1vel de 30 a 60 toneladas para diferentes graus de fibra<\/li>    <li><strong>Configura\u00e7\u00e3o de duas c\u00e2maras:<\/strong> Permite opera\u00e7\u00e3o cont\u00ednua enquanto uma c\u00e2mara carrega<\/li>    <li><strong>Travas anti-rebote:<\/strong> Mantenha a compress\u00e3o durante a fixa\u00e7\u00e3o<\/li>    <li><strong>Revestimento resistente \u00e0 corros\u00e3o:<\/strong> Protege contra \u00f3leos naturais e humidade<\/li> <\/ul>    <h2 class=\"wp-block-heading\">Processo de empacotamento e resultados<\/h2>    <h3 class=\"wp-block-heading\">Desempenho de compress\u00e3o<\/h3>    <p class=\"wp-block-paragraph translation-block\">A <strong>m\u00e1quina de compacta\u00e7\u00e3o de fibra de coco<\/strong> alcan\u00e7ou ratios de compress\u00e3o excecionais com fibra de coco:<\/p>    <figure class=\"wp-block-table\"><table><thead><tr><th>Grau de fibra<\/th><th>Densidade solta<\/th><th>Densidade do fardo<\/th><th>Raz\u00e3o de Compress\u00e3o<\/th><\/tr><\/thead><tbody><tr><td>Coir de cerdas<\/td><td>85 kg\/m\u00b3<\/td><td>420 kg\/m\u00b3<\/td><td>4.9:1<\/td><\/tr><tr><td>Coco de colch\u00e3o<\/td><td>95 kg\/m\u00b3<\/td><td>475 kg\/m\u00b3<\/td><td>5.0:1<\/td><\/tr><tr><td>Mistura de coir<\/td><td>110 kg\/m\u00b3<\/td><td>550 kg\/m\u00b3<\/td><td>5.0:1<\/td><\/tr><tr><td>M\u00e9dia<\/td><td>97 kg\/m\u00b3<\/td><td>482 kg\/m\u00b3<\/td><td>5.0:1<\/td><\/tr><\/tbody><\/table><\/figure>    <figure class=\"wp-block-image aligncenter size-full\"><img loading=\"lazy\" decoding=\"async\" width=\"540\" height=\"720\" src=\"https:\/\/fiberrecycling.com\/wp-content\/uploads\/2026\/03\/coconut-fiber-baling-in-Malaysia.webp\" alt=\"Compacta\u00e7\u00e3o de fibra de coco na Mal\u00e1sia\" class=\"wp-image-1502\" srcset=\"https:\/\/fiberrecycling.com\/wp-content\/uploads\/2026\/03\/coconut-fiber-baling-in-Malaysia.webp 540w, https:\/\/fiberrecycling.com\/wp-content\/uploads\/2026\/03\/coconut-fiber-baling-in-Malaysia-225x300.webp 225w, https:\/\/fiberrecycling.com\/wp-content\/uploads\/2026\/03\/coconut-fiber-baling-in-Malaysia-9x12.webp 9w\" sizes=\"(max-width: 540px) 100vw, 540px\" \/><figcaption class=\"wp-element-caption\">Compacta\u00e7\u00e3o de fibra de coco na Mal\u00e1sia<\/figcaption><\/figure>    <h3 class=\"wp-block-heading\">Especifica\u00e7\u00f5es do fardo<\/h3>    <figure class=\"wp-block-table\"><table><thead><tr><th>Par\u00e2metro<\/th><th>Especifica\u00e7\u00e3o<\/th><\/tr><\/thead><tbody><tr><td>Dimens\u00f5es do fardo<\/td><td>1100mm \u00d7 800mm \u00d7 altura vari\u00e1vel<\/td><\/tr><tr><td>Peso do fardo<\/td><td>180-220 kg (ajust\u00e1vel)<\/td><\/tr><tr><td>Densidade do fardo<\/td><td>450-550 kg\/m\u00b3<\/td><\/tr><tr><td>Fixa\u00e7\u00e3o do fardo<\/td><td>4 fitas de PP, 16mm de largura<\/td><\/tr><tr><td>Embrulho<\/td><td>Filme de PE opcional para prote\u00e7\u00e3o contra humidade<\/td><\/tr><tr><td>Taxa de produ\u00e7\u00e3o<\/td><td>12-15 fardos\/hora por m\u00e1quina<\/td><\/tr><\/tbody><\/table><\/figure>    <h2 class=\"wp-block-heading\">Melhorias Operacionais<\/h2>    <h3 class=\"wp-block-heading\">Efici\u00eancia de armazenamento<\/h3>    <p class=\"wp-block-paragraph\">A compress\u00e3o reduziu dramaticamente os requisitos de armazenamento:<\/p>    <figure class=\"wp-block-table\"><table><thead><tr><th>M\u00e9trica<\/th><th>Antes do empacotamento<\/th><th>Ap\u00f3s empacotamento<\/th><th>Melhoria<\/th><\/tr><\/thead><tbody><tr><td>Espa\u00e7o por 100 toneladas<\/td><td>1.200 m\u00b2<\/td><td>240 m\u00b2<\/td><td>-80%<\/td><\/tr><tr><td>Aluguel mensal do armaz\u00e9m<\/td><td>$4,800<\/td><td>$960<\/td><td>-$3,840<\/td><\/tr><tr><td>Acessibilidade ao invent\u00e1rio<\/td><td>Dif\u00edcil<\/td><td>Pilhas organizadas<\/td><td>Melhoria principal<\/td><\/tr><tr><td>Prote\u00e7\u00e3o do material<\/td><td>Exposto \u00e0s intemp\u00e9ries<\/td><td>Fardos embrulhados<\/td><td>Qualidade preservada<\/td><\/tr><\/tbody><\/table><\/figure>    <h3 class=\"wp-block-heading\">Benef\u00edcios do transporte<\/h3>    <p class=\"wp-block-paragraph\">O empacotamento transformou a economia do transporte:<\/p>    <figure class=\"wp-block-table\"><table><thead><tr><th>M\u00e9trica de transporte<\/th><th>Fibra solta<\/th><th>Fibra empacotada<\/th><th>Melhoria<\/th><\/tr><\/thead><tbody><tr><td>Capacidade do contentor<\/td><td>8 toneladas<\/td><td>20 toneladas<\/td><td>+150%<\/td><\/tr><tr><td>Contentores por pedido de 20 toneladas<\/td><td>3 contentores<\/td><td>1 contentor<\/td><td>-67%<\/td><\/tr><tr><td>Custo de transporte por tonelada<\/td><td>$330<\/td><td>$165<\/td><td>-50%<\/td><\/tr><tr><td>Tempo de carregamento<\/td><td>6 horas<\/td><td>2 horas<\/td><td>-67%<\/td><\/tr><\/tbody><\/table><\/figure>    <h3 class=\"wp-block-heading\">Efici\u00eancia de manuseio<\/h3>    <ul class=\"wp-block-list\"> <li><strong>Redu\u00e7\u00e3o de m\u00e3o de obra:<\/strong> Redu\u00e7\u00e3o do staff de carregamento\/descarregamento de 12 para 4 trabalhadores<\/li>    <li><strong>Efici\u00eancia do empilhador:<\/strong> Fardos padr\u00e3o permitem manuseio mec\u00e2nico cont\u00ednuo<\/li>    <li><strong>Redu\u00e7\u00e3o de danos:<\/strong> Perda de material diminuiu de 8% para 1,5%<\/li>    <li><strong>Seguran\u00e7a no carregamento:<\/strong> Fardos padronizados eliminam les\u00f5es por levantamento manual<\/li>    <li><strong>Rastreamento de invent\u00e1rio:<\/strong> Contagem de fardos substitui estimativa de volume<\/li> <\/ul>    <h2 class=\"wp-block-heading\">Impacto financeiro<\/h2>    <h3 class=\"wp-block-heading\">Economia mensal<\/h3>    <figure class=\"wp-block-table\"><table><thead><tr><th>Categoria de custo<\/th><th>Antes<\/th><th>Ap\u00f3s<\/th><th>Economias mensais<\/th><\/tr><\/thead><tbody><tr><td>Aluguel de armaz\u00e9m<\/td><td>$4,800<\/td><td>$960<\/td><td>$3,840<\/td><\/tr><tr><td>Transporte (20 toneladas)<\/td><td>$6,600<\/td><td>$3,300<\/td><td>$3,300<\/td><\/tr><tr><td>M\u00e3o de obra (carregamento)<\/td><td>$3,600<\/td><td>$1,200<\/td><td>$2,400<\/td><\/tr><tr><td>Perda de material<\/td><td>$4,800<\/td><td>$900<\/td><td>$3,900<\/td><\/tr><tr><td>Economias mensais totais<\/td><td>&#8211;<\/td><td>&#8211;<\/td><td>$13,440<\/td><\/tr><\/tbody><\/table><\/figure>    <h3 class=\"wp-block-heading\">Retorno sobre investimento<\/h3>    <p class=\"wp-block-paragraph translation-block\">Com um investimento total em equipamento de $18.500 e poupan\u00e7as mensais de $13.440, a <strong>compacta\u00e7\u00e3o de fibra de coco<\/strong> atingiu o retorno do investimento em apenas 1,4 meses. As poupan\u00e7as anuais ultrapassam os $161.000.<\/p>    <h2 class=\"wp-block-heading\">Benef\u00edcios de qualidade e do cliente<\/h2>    <h3 class=\"wp-block-heading\">Melhorias na qualidade do produto<\/h3>    <ul class=\"wp-block-list\"> <li><strong>Prote\u00e7\u00e3o contra humidade:<\/strong> Fardos embrulhados mant\u00eam 10-12% de humidade vs. 15-18% para armazenamento solto<\/li>    <li><strong>Preven\u00e7\u00e3o de contamina\u00e7\u00e3o:<\/strong> Fardos fechados protegem de poeira e materiais estranhos<\/li>    <li><strong>Apresenta\u00e7\u00e3o consistente:<\/strong> Fardos padr\u00e3o melhoram a percep\u00e7\u00e3o do cliente<\/li>    <li><strong>Inspe\u00e7\u00e3o mais f\u00e1cil:<\/strong> Fardos de amostra permitem verifica\u00e7\u00e3o de qualidade antes do envio<\/li> <\/ul>    <h3 class=\"wp-block-heading\">Feedback do cliente<\/h3>    <blockquote class=\"wp-block-quote is-layout-flow wp-block-quote-is-layout-flow\"> <p class=\"wp-block-paragraph\">&#8220;The baled coir has transformed our receiving operations. Previously, unloading loose fiber took an entire day with significant mess and waste. Now we receive neat, stackable bales that unload in two hours with virtually no loss. The consistent density also helps us plan our processing schedules more accurately.&#8221;<\/p> <cite>\u2014 Parceiro de importa\u00e7\u00e3o alem\u00e3o, fabrica\u00e7\u00e3o de colch\u00f5es<\/cite><\/blockquote>    <h2 class=\"wp-block-heading\">Experi\u00eancia de implementa\u00e7\u00e3o<\/h2>    <blockquote class=\"wp-block-quote is-layout-flow wp-block-quote-is-layout-flow\"> <p class=\"wp-block-paragraph\">&#8220;We hesitated about the investment, but the results exceeded our expectations. The balers paid for themselves in six weeks, and the operational improvements continue to deliver value. Our warehouse is now organized, shipping costs are halved, and customers appreciate the professional presentation. For any coir processor, mechanical baling is essential.&#8221;<\/p> <cite>\u2014 Sanjay Fernando, Diretor de Opera\u00e7\u00f5es, LankaCoir Exports<\/cite><\/blockquote>    <figure class=\"wp-block-image aligncenter size-full\"><img loading=\"lazy\" decoding=\"async\" width=\"720\" height=\"540\" src=\"https:\/\/fiberrecycling.com\/wp-content\/uploads\/2026\/03\/hydraulic-baler-supplier.webp\" alt=\"Fornecedor de compactadoras hidr\u00e1ulicas\" class=\"wp-image-1503\" srcset=\"https:\/\/fiberrecycling.com\/wp-content\/uploads\/2026\/03\/hydraulic-baler-supplier.webp 720w, https:\/\/fiberrecycling.com\/wp-content\/uploads\/2026\/03\/hydraulic-baler-supplier-300x225.webp 300w, https:\/\/fiberrecycling.com\/wp-content\/uploads\/2026\/03\/hydraulic-baler-supplier-16x12.webp 16w\" sizes=\"(max-width: 720px) 100vw, 720px\" \/><figcaption class=\"wp-element-caption\">Fornecedor de compactadoras hidr\u00e1ulicas<\/figcaption><\/figure>    <h3 class=\"wp-block-heading\">Cronograma de implementa\u00e7\u00e3o<\/h3>    <figure class=\"wp-block-table\"><table><thead><tr><th>Fase<\/th><th>Dura\u00e7\u00e3o<\/th><th>Atividades<\/th><\/tr><\/thead><tbody><tr><td>Instala\u00e7\u00e3o<\/td><td>3 dias<\/td><td>Posicionamento do equipamento, conex\u00f5es el\u00e9tricas<\/td><\/tr><tr><td>Testes<\/td><td>1 dia<\/td><td>Calibra\u00e7\u00e3o de press\u00e3o, verifica\u00e7\u00f5es de seguran\u00e7a<\/td><\/tr><tr><td>Treinamento<\/td><td>2 dias<\/td><td>Treinamento de operadores, procedimentos de manuten\u00e7\u00e3o<\/td><\/tr><tr><td>Transi\u00e7\u00e3o de produ\u00e7\u00e3o<\/td><td>1 semana<\/td><td>Mudan\u00e7a gradual de sa\u00edda solta para empacotada<\/td><\/tr><tr><td>Opera\u00e7\u00e3o completa<\/td><td>Em andamento<\/td><td>Toda fibra agora empacotada antes do armazenamento\/transporte<\/td><\/tr><\/tbody><\/table><\/figure>    <h2 class=\"wp-block-heading\">Considera\u00e7\u00f5es t\u00e9cnicas para empacotamento de coir<\/h2>    <h3 class=\"wp-block-heading\">Par\u00e2metros \u00f3timos de empacotamento<\/h3>    <p class=\"wp-block-paragraph translation-block\">Com base na experi\u00eancia operacional, estas configura\u00e7\u00f5es otimizam <strong>processamento de fibra de coco<\/strong>:<\/p>    <ul class=\"wp-block-list\"> <li><strong>Press\u00e3o de compress\u00e3o:<\/strong> 50-60 toneladas para m\u00e1xima densidade sem danificar a fibra<\/li>    <li><strong>Tempo de compress\u00e3o:<\/strong> 45-60 segundos para densifica\u00e7\u00e3o completa<\/li>    <li><strong>Humidade da fibra:<\/strong> 10-15% \u00f3timo para compress\u00e3o e estabilidade de armazenamento<\/li>    <li><strong>Peso do fardo:<\/strong> 180-220 kg para manuseio gerenci\u00e1vel<\/li>    <li><strong>Tens\u00e3o da fita:<\/strong> Tens\u00e3o m\u00e9dia para evitar corte na fita do fardo<\/li> <\/ul>    <h3 class=\"wp-block-heading\">Requisitos de manuten\u00e7\u00e3o<\/h3>    <p class=\"wp-block-paragraph\">Manuten\u00e7\u00e3o regular garante desempenho consistente:<\/p>    <ul class=\"wp-block-list\"> <li><strong>Diariamente:<\/strong> C\u00e2mara limpa, verificar n\u00edvel de \u00f3leo hidr\u00e1ulico<\/li>    <li><strong>Semanal:<\/strong> Inspecionar sistema de fita, lubrificar pe\u00e7as m\u00f3veis<\/li>    <li><strong>Mensalmente:<\/strong> Verificar mangueiras hidr\u00e1ulicas, substituir filtros<\/li>    <li><strong>Trimestral:<\/strong> An\u00e1lise de \u00f3leo hidr\u00e1ulico, calibra\u00e7\u00e3o de press\u00e3o<\/li> <\/ul>    <h2 class=\"wp-block-heading\">Recomenda\u00e7\u00f5es para processadores de coir<\/h2>    <p class=\"wp-block-paragraph translation-block\">Com base nesta implementa\u00e7\u00e3o bem-sucedida do <strong>caso de empacotamento de fibra de coco<\/strong>:<\/p>    <ol class=\"wp-block-list\"> <li>Calcule os custos reais do manuseio de fibra solta, incluindo armazenamento, transporte e desperd\u00edcio<\/li>    <li>Escolha empacotadores com press\u00e3o suficiente (m\u00ednimo de 60 toneladas) para compress\u00e3o de coir<\/li>    <li>Garantir a secagem adequada da fibra (10-15% de humidade) antes do empacotamento<\/li>    <li>Planeje o tamanho do fardo para dimens\u00f5es padr\u00e3o de paletes e larguras de contentores<\/li>    <li>Considere empacotadores de duas c\u00e2maras para opera\u00e7\u00e3o cont\u00ednua<\/li>    <li>Invista em treinamento adequado de operadores para seguran\u00e7a e efici\u00eancia<\/li>    <li>Mantenha cronogramas de manuten\u00e7\u00e3o preventiva rigorosos<\/li> <\/ol>    <figure class=\"wp-block-image aligncenter size-full\"><img loading=\"lazy\" decoding=\"async\" width=\"540\" height=\"720\" src=\"https:\/\/fiberrecycling.com\/wp-content\/uploads\/2026\/03\/baling-effect.webp\" alt=\"efeito de compacta\u00e7\u00e3o\" class=\"wp-image-1504\" srcset=\"https:\/\/fiberrecycling.com\/wp-content\/uploads\/2026\/03\/baling-effect.webp 540w, https:\/\/fiberrecycling.com\/wp-content\/uploads\/2026\/03\/baling-effect-225x300.webp 225w, https:\/\/fiberrecycling.com\/wp-content\/uploads\/2026\/03\/baling-effect-9x12.webp 9w\" sizes=\"(max-width: 540px) 100vw, 540px\" \/><figcaption class=\"wp-element-caption\">efeito de compacta\u00e7\u00e3o<\/figcaption><\/figure>    <h2 class=\"wp-block-heading\">Conclus\u00e3o<\/h2>    <p class=\"wp-block-paragraph translation-block\">LankaCoir Exports&#8217; experience demonstrates that coir fiber baling<strong> <\/strong>machine is transformative for coconut fiber processors. The 5:1 compression ratio, combined with dramatic storage and shipping savings, creates compelling economics while improving product quality and customer satisfaction.<\/p>    <p class=\"wp-block-paragraph translation-block\">Para produtores de fibra de coco que enfrentam restri\u00e7\u00f5es de armazenamento e altos custos log\u00edsticos, investir em <a href=\"https:\/\/fiberrecycling.com\/pt\/vertical-hydraulic-baler\/\">empacotadores hidr\u00e1ulicos verticais<\/a> oferece retorno r\u00e1pido e melhorias operacionais sustentadas. A tecnologia transforma a coir de uma mercadoria de dif\u00edcil manuseio em um produto profissional, gerenciado de forma eficiente, pronto para mercados globais.<\/p>    <h3 class=\"wp-block-heading\">Equipamentos recomendados para processamento de fibra de coco<\/h3>    <ul class=\"wp-block-list\"> <li><a href=\"https:\/\/fiberrecycling.com\/pt\/vertical-hydraulic-baler\/\">Enfardadeira Hidr\u00e1ulica Vertical<\/a> &#8211; 60-ton pressure for coir compression<\/li>    <li><a href=\"https:\/\/fiberrecycling.com\/pt\/textile-fiber-cutting-machine\/\">M\u00e1quina de corte de fibra t\u00eaxtil<\/a> &#8211; For initial fiber sizing<\/li>    <li><a href=\"https:\/\/fiberrecycling.com\/pt\/fiber-opener\/\">Abertura de fibra de algod\u00e3o<\/a> &#8211; For fiber cleaning and preparation<\/li>    <li><a href=\"https:\/\/fiberrecycling.com\/pt\/waste-fiber-recycling-plant\/\">Linha de processamento completa<\/a> &#8211; Integrated coir processing solution<\/li> <\/ul>","protected":false},"excerpt":{"rendered":"<p>Saiba como uma empresa de processamento de coir do Sri Lanka otimizou o manuseio de fibra de coco com empacotadores hidr\u00e1ulicos verticais, alcan\u00e7ando 70% de economia de armazenamento e redu\u00e7\u00e3o de 40% nos custos de transporte.<\/p>","protected":false},"author":1,"featured_media":1499,"comment_status":"open","ping_status":"closed","sticky":false,"template":"","format":"standard","meta":{"_crdt_document":"","footnotes":""},"categories":[1],"tags":[23,24],"class_list":["post-1491","post","type-post","status-publish","format-standard","has-post-thumbnail","hentry","category-news","tag-baler","tag-vertical-hydraulic-baler"],"_links":{"self":[{"href":"https:\/\/fiberrecycling.com\/pt\/wp-json\/wp\/v2\/posts\/1491","targetHints":{"allow":["GET"]}}],"collection":[{"href":"https:\/\/fiberrecycling.com\/pt\/wp-json\/wp\/v2\/posts"}],"about":[{"href":"https:\/\/fiberrecycling.com\/pt\/wp-json\/wp\/v2\/types\/post"}],"author":[{"embeddable":true,"href":"https:\/\/fiberrecycling.com\/pt\/wp-json\/wp\/v2\/users\/1"}],"replies":[{"embeddable":true,"href":"https:\/\/fiberrecycling.com\/pt\/wp-json\/wp\/v2\/comments?post=1491"}],"version-history":[{"count":4,"href":"https:\/\/fiberrecycling.com\/pt\/wp-json\/wp\/v2\/posts\/1491\/revisions"}],"predecessor-version":[{"id":1505,"href":"https:\/\/fiberrecycling.com\/pt\/wp-json\/wp\/v2\/posts\/1491\/revisions\/1505"}],"wp:featuredmedia":[{"embeddable":true,"href":"https:\/\/fiberrecycling.com\/pt\/wp-json\/wp\/v2\/media\/1499"}],"wp:attachment":[{"href":"https:\/\/fiberrecycling.com\/pt\/wp-json\/wp\/v2\/media?parent=1491"}],"wp:term":[{"taxonomy":"category","embeddable":true,"href":"https:\/\/fiberrecycling.com\/pt\/wp-json\/wp\/v2\/categories?post=1491"},{"taxonomy":"post_tag","embeddable":true,"href":"https:\/\/fiberrecycling.com\/pt\/wp-json\/wp\/v2\/tags?post=1491"}],"curies":[{"name":"wp","href":"https:\/\/api.w.org\/{rel}","templated":true}]}}