{"id":350,"date":"2020-10-21T07:50:05","date_gmt":"2020-10-21T07:50:05","guid":{"rendered":"https:\/\/fiberrecycling.com\/?p=350"},"modified":"2024-12-25T18:01:49","modified_gmt":"2024-12-25T10:01:49","slug":"for-environmental-protection-to-contribute-to-the-baling-machine-equipment","status":"publish","type":"post","link":"https:\/\/fiberrecycling.com\/pt\/for-environmental-protection-to-contribute-to-the-baling-machine-equipment\/","title":{"rendered":"Para que a prote\u00e7\u00e3o ambiental contribua para o equipamento da m\u00e1quina de enfardamento"},"content":{"rendered":"<div class=\"kk-star-ratings kksr-auto kksr-align-left kksr-valign-top\"     data-payload='{&quot;align&quot;:&quot;left&quot;,&quot;id&quot;:&quot;350&quot;,&quot;slug&quot;:&quot;default&quot;,&quot;valign&quot;:&quot;top&quot;,&quot;ignore&quot;:&quot;&quot;,&quot;reference&quot;:&quot;auto&quot;,&quot;class&quot;:&quot;&quot;,&quot;count&quot;:&quot;8&quot;,&quot;legendonly&quot;:&quot;&quot;,&quot;readonly&quot;:&quot;&quot;,&quot;score&quot;:&quot;4.6&quot;,&quot;starsonly&quot;:&quot;&quot;,&quot;best&quot;:&quot;5&quot;,&quot;gap&quot;:&quot;5&quot;,&quot;greet&quot;:&quot;Rate this post&quot;,&quot;legend&quot;:&quot;4.6\\\/5 - (8 votes)&quot;,&quot;size&quot;:&quot;24&quot;,&quot;title&quot;:&quot;For environmental protection to contribute to the baling machine equipment&quot;,&quot;width&quot;:&quot;130.9&quot;,&quot;_legend&quot;:&quot;{score}\\\/{best} - ({count} {votes})&quot;,&quot;font_factor&quot;:&quot;1.25&quot;}'>              <div class=\"kksr-stars\">      <div class=\"kksr-stars-inactive\">             <div class=\"kksr-star\" data-star=\"1\" style=\"padding-right: 5px\">               <div class=\"kksr-icon\" style=\"width: 24px; height: 24px;\"><\/div>         <\/div>             <div class=\"kksr-star\" data-star=\"2\" style=\"padding-right: 5px\">               <div class=\"kksr-icon\" style=\"width: 24px; height: 24px;\"><\/div>         <\/div>             <div class=\"kksr-star\" data-star=\"3\" style=\"padding-right: 5px\">               <div class=\"kksr-icon\" style=\"width: 24px; height: 24px;\"><\/div>         <\/div>             <div class=\"kksr-star\" data-star=\"4\" style=\"padding-right: 5px\">               <div class=\"kksr-icon\" style=\"width: 24px; height: 24px;\"><\/div>         <\/div>             <div class=\"kksr-star\" data-star=\"5\" style=\"padding-right: 5px\">               <div class=\"kksr-icon\" style=\"width: 24px; height: 24px;\"><\/div>         <\/div>     <\/div>      <div class=\"kksr-stars-active\" style=\"width: 130.9px;\">             <div class=\"kksr-star\" style=\"padding-right: 5px\">               <div class=\"kksr-icon\" style=\"width: 24px; height: 24px;\"><\/div>         <\/div>             <div class=\"kksr-star\" style=\"padding-right: 5px\">               <div class=\"kksr-icon\" style=\"width: 24px; height: 24px;\"><\/div>         <\/div>             <div class=\"kksr-star\" style=\"padding-right: 5px\">               <div class=\"kksr-icon\" style=\"width: 24px; height: 24px;\"><\/div>         <\/div>             <div class=\"kksr-star\" style=\"padding-right: 5px\">               <div class=\"kksr-icon\" style=\"width: 24px; height: 24px;\"><\/div>         <\/div>             <div class=\"kksr-star\" style=\"padding-right: 5px\">               <div class=\"kksr-icon\" style=\"width: 24px; height: 24px;\"><\/div>         <\/div>     <\/div> <\/div>                   <div class=\"kksr-legend\" style=\"font-size: 19.2px;\">             4,6\/5 - (8 votos)    <\/div>     <\/div>  <p class=\"wp-block-paragraph\">Com o aprofundamento do tema da prote\u00e7\u00e3o ambiental, as medidas de prote\u00e7\u00e3o ambiental na sociedade est\u00e3o cada vez mais maduras. A proibi\u00e7\u00e3o de sacolas pl\u00e1sticas, a reciclagem do lixo e a promo\u00e7\u00e3o de uma vida com baixo teor de carbono visam a prote\u00e7\u00e3o ambiental. Com a proibi\u00e7\u00e3o das sacolas pl\u00e1sticas, as enfardadeiras entraram no cen\u00e1rio hist\u00f3rico da vida das pessoas.  A enfardadeira n\u00e3o deve apenas ser transportada para as f\u00e1bricas, mas tamb\u00e9m pode ser vista em todos os lugares do dia a dia, contribuindo para a prote\u00e7\u00e3o do meio ambiente humano.<\/p>    <h2 class=\"wp-block-heading\" id=\"h-baling-machines-are-constantly-innovating\"><a href=\"https:\/\/fiberrecycling.com\/pt\/vertical-hydraulic-baler\/\">M\u00e1quinas de enfardamento<\/a>  est\u00e3o constantemente inovando<\/h2>    <p class=\"wp-block-paragraph\">A implementa\u00e7\u00e3o do limite de pl\u00e1stico visa substituir os pl\u00e1sticos por materiais mais ecol\u00f3gicos para servir as pessoas no futuro. O papel \u00e9 um material de baixo custo, f\u00e1cil compreens\u00e3o e ecologicamente correto. O uso generalizado de papel destaca o papel da enfardadeira.<br><\/p>    <figure class=\"wp-block-image size-large\"><img fetchpriority=\"high\" decoding=\"async\" width=\"750\" height=\"750\" src=\"https:\/\/fiberrecycling.com\/wp-content\/uploads\/2020\/10\/9-3.jpg\" alt=\"M\u00e1quina de enfardamento Shuliy\" class=\"wp-image-351\" srcset=\"https:\/\/fiberrecycling.com\/wp-content\/uploads\/2020\/10\/9-3.jpg 750w, https:\/\/fiberrecycling.com\/wp-content\/uploads\/2020\/10\/9-3-300x300.jpg 300w, https:\/\/fiberrecycling.com\/wp-content\/uploads\/2020\/10\/9-3-150x150.jpg 150w\" sizes=\"(max-width: 750px) 100vw, 750px\" \/><figcaption>M\u00e1quina de enfardamento Shuliy<\/figcaption><\/figure>    <p class=\"wp-block-paragraph\">Embora todo o povo defenda a prote\u00e7\u00e3o ambiental e implemente a prote\u00e7\u00e3o ambiental, a ind\u00fastria de enfardadeiras tamb\u00e9m n\u00e3o est\u00e1 disposta a ficar para tr\u00e1s, desenvolvendo ativamente novos produtos. Na ind\u00fastria de enfardadeiras, tem trabalhado arduamente para inovar e desenvolver produtos adequados \u00e0 procura do mercado.<\/p>    <h2 class=\"wp-block-heading\" id=\"h-how-to-do-the-maintenance-of-hydraulic-baler\">Como fazer a manuten\u00e7\u00e3o da enfardadeira hidr\u00e1ulica<\/h2>    <p class=\"wp-block-paragraph\">Primeiramente, fa\u00e7a um bom trabalho na reposi\u00e7\u00e3o de acess\u00f3rios. Incluindo principalmente veda\u00e7\u00f5es do cilindro de \u00f3leo, entre o motor e a tampa de l\u00e3 da bomba de engrenagens, etc., para melhor garantir o desempenho da enfardadeira.<\/p>    <figure class=\"wp-block-image size-large\"><img decoding=\"async\" width=\"720\" height=\"540\" src=\"https:\/\/fiberrecycling.com\/wp-content\/uploads\/2020\/10\/vertical-baling-machine-structure_wps\u56fe\u7247-1.jpg\" alt=\"m\u00e1quina de enfardamento\" class=\"wp-image-352\" srcset=\"https:\/\/fiberrecycling.com\/wp-content\/uploads\/2020\/10\/vertical-baling-machine-structure_wps\u56fe\u7247-1.jpg 720w, https:\/\/fiberrecycling.com\/wp-content\/uploads\/2020\/10\/vertical-baling-machine-structure_wps\u56fe\u7247-1-300x225.jpg 300w\" sizes=\"(max-width: 720px) 100vw, 720px\" \/><figcaption>m\u00e1quina de enfardamento<\/figcaption><\/figure>    <p class=\"wp-block-paragraph\">Ent\u00e3o, a enfardadeira deve ser pr\u00e9-aquecida antes de cada produ\u00e7\u00e3o, a produ\u00e7\u00e3o deve ser realizada depois que tudo estiver normal. E a m\u00e1quina deve manter ap\u00f3s o processamento di\u00e1rio, como fixa\u00e7\u00e3o de parafusos, suplemento de \u00f3leo hidr\u00e1ulico e assim por diante.<br><\/p>    <figure class=\"wp-block-image size-large\"><img decoding=\"async\" width=\"750\" height=\"750\" src=\"https:\/\/fiberrecycling.com\/wp-content\/uploads\/2020\/10\/06_wps\u56fe\u7247.jpg\" alt=\"Enfardadeira hidr\u00e1ulica vertical de cilindro duplo\" class=\"wp-image-353\" srcset=\"https:\/\/fiberrecycling.com\/wp-content\/uploads\/2020\/10\/06_wps\u56fe\u7247.jpg 750w, https:\/\/fiberrecycling.com\/wp-content\/uploads\/2020\/10\/06_wps\u56fe\u7247-300x300.jpg 300w, https:\/\/fiberrecycling.com\/wp-content\/uploads\/2020\/10\/06_wps\u56fe\u7247-150x150.jpg 150w\" sizes=\"(max-width: 750px) 100vw, 750px\" \/><figcaption>Enfardadeira hidr\u00e1ulica vertical de cilindro duplo<\/figcaption><\/figure>    <p class=\"wp-block-paragraph\">Somente fa\u00e7a a manuten\u00e7\u00e3o di\u00e1ria completa da enfardadeira hidr\u00e1ulica, ent\u00e3o eles poder\u00e3o fazer com que ela tenha o melhor efeito, criando o melhor valor. <\/p>    <p class=\"wp-block-paragraph translation-block\">Ao mesmo tempo, voc\u00ea tamb\u00e9m pode ir \u00e0 <a href=\"https:\/\/fiberrecycling.com\/pt\/vertical-hydraulic-baler\/\">p\u00e1gina de detalhes da m\u00e1quina de enfardar hidr\u00e1ulica vertical<\/a> para mais detalhes.<\/p>","protected":false},"excerpt":{"rendered":"<p>Com o aprofundamento do tema da prote\u00e7\u00e3o ambiental, as medidas de prote\u00e7\u00e3o ambiental na sociedade est\u00e3o cada vez mais maduras. A proibi\u00e7\u00e3o dos sacos de pl\u00e1stico, a reciclagem do lixo e a promo\u00e7\u00e3o da vida com baixo teor de carbono visam a prote\u00e7\u00e3o ambiental. <\/p>","protected":false},"author":1,"featured_media":351,"comment_status":"open","ping_status":"open","sticky":false,"template":"","format":"standard","meta":{"_crdt_document":"","footnotes":""},"categories":[1],"tags":[54],"class_list":["post-350","post","type-post","status-publish","format-standard","has-post-thumbnail","hentry","category-news","tag-textile-recycling"],"_links":{"self":[{"href":"https:\/\/fiberrecycling.com\/pt\/wp-json\/wp\/v2\/posts\/350","targetHints":{"allow":["GET"]}}],"collection":[{"href":"https:\/\/fiberrecycling.com\/pt\/wp-json\/wp\/v2\/posts"}],"about":[{"href":"https:\/\/fiberrecycling.com\/pt\/wp-json\/wp\/v2\/types\/post"}],"author":[{"embeddable":true,"href":"https:\/\/fiberrecycling.com\/pt\/wp-json\/wp\/v2\/users\/1"}],"replies":[{"embeddable":true,"href":"https:\/\/fiberrecycling.com\/pt\/wp-json\/wp\/v2\/comments?post=350"}],"version-history":[{"count":0,"href":"https:\/\/fiberrecycling.com\/pt\/wp-json\/wp\/v2\/posts\/350\/revisions"}],"wp:featuredmedia":[{"embeddable":true,"href":"https:\/\/fiberrecycling.com\/pt\/wp-json\/wp\/v2\/media\/351"}],"wp:attachment":[{"href":"https:\/\/fiberrecycling.com\/pt\/wp-json\/wp\/v2\/media?parent=350"}],"wp:term":[{"taxonomy":"category","embeddable":true,"href":"https:\/\/fiberrecycling.com\/pt\/wp-json\/wp\/v2\/categories?post=350"},{"taxonomy":"post_tag","embeddable":true,"href":"https:\/\/fiberrecycling.com\/pt\/wp-json\/wp\/v2\/tags?post=350"}],"curies":[{"name":"wp","href":"https:\/\/api.w.org\/{rel}","templated":true}]}}