{"id":480,"date":"2021-02-02T06:18:26","date_gmt":"2021-02-02T06:18:26","guid":{"rendered":"https:\/\/fiberrecycling.com\/?p=480"},"modified":"2024-12-25T18:00:05","modified_gmt":"2024-12-25T10:00:05","slug":"do-you-know-about-the-jeans-waste-recycling-machine","status":"publish","type":"post","link":"https:\/\/fiberrecycling.com\/pt\/do-you-know-about-the-jeans-waste-recycling-machine\/","title":{"rendered":"Voc\u00ea conhece a m\u00e1quina de reciclagem de res\u00edduos de jeans?"},"content":{"rendered":"<div class=\"kk-star-ratings kksr-auto kksr-align-left kksr-valign-top\"     data-payload='{&quot;align&quot;:&quot;left&quot;,&quot;id&quot;:&quot;480&quot;,&quot;slug&quot;:&quot;default&quot;,&quot;valign&quot;:&quot;top&quot;,&quot;ignore&quot;:&quot;&quot;,&quot;reference&quot;:&quot;auto&quot;,&quot;class&quot;:&quot;&quot;,&quot;count&quot;:&quot;9&quot;,&quot;legendonly&quot;:&quot;&quot;,&quot;readonly&quot;:&quot;&quot;,&quot;score&quot;:&quot;4.6&quot;,&quot;starsonly&quot;:&quot;&quot;,&quot;best&quot;:&quot;5&quot;,&quot;gap&quot;:&quot;5&quot;,&quot;greet&quot;:&quot;Rate this post&quot;,&quot;legend&quot;:&quot;4.6\\\/5 - (9 votes)&quot;,&quot;size&quot;:&quot;24&quot;,&quot;title&quot;:&quot;Do you know about the jeans waste recycling machine?&quot;,&quot;width&quot;:&quot;130.9&quot;,&quot;_legend&quot;:&quot;{score}\\\/{best} - ({count} {votes})&quot;,&quot;font_factor&quot;:&quot;1.25&quot;}'>              <div class=\"kksr-stars\">      <div class=\"kksr-stars-inactive\">             <div class=\"kksr-star\" data-star=\"1\" style=\"padding-right: 5px\">               <div class=\"kksr-icon\" style=\"width: 24px; height: 24px;\"><\/div>         <\/div>             <div class=\"kksr-star\" data-star=\"2\" style=\"padding-right: 5px\">               <div class=\"kksr-icon\" style=\"width: 24px; height: 24px;\"><\/div>         <\/div>             <div class=\"kksr-star\" data-star=\"3\" style=\"padding-right: 5px\">               <div class=\"kksr-icon\" style=\"width: 24px; height: 24px;\"><\/div>         <\/div>             <div class=\"kksr-star\" data-star=\"4\" style=\"padding-right: 5px\">               <div class=\"kksr-icon\" style=\"width: 24px; height: 24px;\"><\/div>         <\/div>             <div class=\"kksr-star\" data-star=\"5\" style=\"padding-right: 5px\">               <div class=\"kksr-icon\" style=\"width: 24px; height: 24px;\"><\/div>         <\/div>     <\/div>      <div class=\"kksr-stars-active\" style=\"width: 130.9px;\">             <div class=\"kksr-star\" style=\"padding-right: 5px\">               <div class=\"kksr-icon\" style=\"width: 24px; height: 24px;\"><\/div>         <\/div>             <div class=\"kksr-star\" style=\"padding-right: 5px\">               <div class=\"kksr-icon\" style=\"width: 24px; height: 24px;\"><\/div>         <\/div>             <div class=\"kksr-star\" style=\"padding-right: 5px\">               <div class=\"kksr-icon\" style=\"width: 24px; height: 24px;\"><\/div>         <\/div>             <div class=\"kksr-star\" style=\"padding-right: 5px\">               <div class=\"kksr-icon\" style=\"width: 24px; height: 24px;\"><\/div>         <\/div>             <div class=\"kksr-star\" style=\"padding-right: 5px\">               <div class=\"kksr-icon\" style=\"width: 24px; height: 24px;\"><\/div>         <\/div>     <\/div> <\/div>                   <div class=\"kksr-legend\" style=\"font-size: 19.2px;\">             4,6\/5 - (9 votos)    <\/div>     <\/div>  <p class=\"wp-block-paragraph translation-block\"><strong>A m\u00e1quina de reciclagem de res\u00edduos de jeans<\/strong> \u00e9 um equipamento especial para reciclagem de tecido de jeans. Como um representante da moda, os jeans tamb\u00e9m s\u00e3o muito comuns na vida. Com o crescente entusiasmo das pessoas pela moda, a produ\u00e7\u00e3o de res\u00edduos de jeans tamb\u00e9m aumenta, e esses res\u00edduos devem ser devidamente reciclados.<\/p>    <h2 class=\"wp-block-heading\" id=\"h-what-to-do-with-used-jeans\">O que fazer com jeans usados?<\/h2>    <p class=\"wp-block-paragraph\">De modo geral, as pessoas dividem principalmente o descarte de res\u00edduos de roupas em duas categorias: uma \u00e9 descart\u00e1-los diretamente, a outra \u00e9 entreg\u00e1-los a institui\u00e7\u00f5es profissionais de reciclagem de roupas.<br><\/p>    <figure class=\"wp-block-image size-large is-resized\"><img fetchpriority=\"high\" decoding=\"async\" src=\"https:\/\/fiberrecycling.com\/wp-content\/uploads\/2021\/02\/Creative-products-made-of-jeans.jpg\" alt=\"Produtos criativos feitos de jeans\" class=\"wp-image-481\" width=\"839\" height=\"727\" srcset=\"https:\/\/fiberrecycling.com\/wp-content\/uploads\/2021\/02\/Creative-products-made-of-jeans.jpg 764w, https:\/\/fiberrecycling.com\/wp-content\/uploads\/2021\/02\/Creative-products-made-of-jeans-300x260.jpg 300w\" sizes=\"(max-width: 839px) 100vw, 839px\" \/><figcaption>Produtos criativos feitos de jeans<\/figcaption><\/figure>    <p class=\"wp-block-paragraph\">Em compara\u00e7\u00e3o com outras roupas e tecidos, os jeans usados \u200b\u200bt\u00eam um valor de utiliza\u00e7\u00e3o mais elevado. Alguns consumidores far\u00e3o eles pr\u00f3prios o reprocessamento criativo de tecidos usados \u200b\u200bpara que se tornem uma esp\u00e9cie de decora\u00e7\u00e3o ou necessidade di\u00e1ria com valor pr\u00e1tico.<br>Por\u00e9m, a situa\u00e7\u00e3o acima ainda \u00e9 relativamente pequena, e a maior parte dos jeans usados \u200b\u200b\u200b\u200bainda ser\u00e1 descartada.<\/p>    <h2 class=\"wp-block-heading\" id=\"h-recycling-jeans-scrap\">Reciclagem de sucata de jeans<\/h2>    <p class=\"wp-block-paragraph\">O jeans reciclado passar\u00e1 por uma s\u00e9rie de reprocessamentos para decompor em fibras, tendo assim valor de reaproveitamento.<br><\/p>    <figure class=\"wp-block-image size-large is-resized\"><img decoding=\"async\" src=\"https:\/\/fiberrecycling.com\/wp-content\/uploads\/2021\/02\/Rags-of-jeans-that-have-been-cut.jpg\" alt=\"Trapos de jeans que foram cortados\" class=\"wp-image-483\" width=\"838\" height=\"580\" srcset=\"https:\/\/fiberrecycling.com\/wp-content\/uploads\/2021\/02\/Rags-of-jeans-that-have-been-cut.jpg 512w, https:\/\/fiberrecycling.com\/wp-content\/uploads\/2021\/02\/Rags-of-jeans-that-have-been-cut-300x208.jpg 300w\" sizes=\"(max-width: 838px) 100vw, 838px\" \/><figcaption>Trapos de jeans que foram cortados<\/figcaption><\/figure>    <p class=\"wp-block-paragraph translation-block\">Primeiramente, devido \u00e0s caracter\u00edsticas do denim, o denim \u00e9 muito forte e dif\u00edcil de cortar. Ap\u00f3s a reciclagem centralizada, o primeiro tratamento dos res\u00edduos de jeans \u00e9 realizar um corte preliminar. Mas o corte manual n\u00e3o apenas consome tempo e trabalho, mas tamb\u00e9m apresenta perigos ocultos \u00e0 seguran\u00e7a dos pr\u00f3prios trabalhadores. Portanto, <a href=\"https:\/\/fiberrecycling.com\/pt\/textile-fiber-cutting-machine\/\">m\u00e1quinas de corte especiais<\/a> s\u00e3o necess\u00e1rias para cortar o processamento.<\/p>    <h2 class=\"wp-block-heading\" id=\"h-an-introduction-to-the-jeans-waste-recycling-machine\">Uma introdu\u00e7\u00e3o \u00e0 m\u00e1quina de reciclagem de res\u00edduos de jeans<\/h2>    <figure class=\"wp-block-image size-large is-resized\"><img decoding=\"async\" src=\"https:\/\/fiberrecycling.com\/wp-content\/uploads\/2021\/02\/Jeans-waste-cutting-machine.jpg\" alt=\"M\u00e1quina de corte de res\u00edduos de jeans\" class=\"wp-image-484\" width=\"838\" height=\"614\" srcset=\"https:\/\/fiberrecycling.com\/wp-content\/uploads\/2021\/02\/Jeans-waste-cutting-machine.jpg 624w, https:\/\/fiberrecycling.com\/wp-content\/uploads\/2021\/02\/Jeans-waste-cutting-machine-300x220.jpg 300w\" sizes=\"(max-width: 838px) 100vw, 838px\" \/><figcaption>M\u00e1quina de corte de res\u00edduos de jeans<\/figcaption><\/figure>    <p class=\"wp-block-paragraph translation-block\"><strong>A m\u00e1quina de corte de res\u00edduos de jeans<\/strong> pode cortar rapidamente em um curto espa\u00e7o de tempo com alta densidade de jeans. E a m\u00e1quina de corte, al\u00e9m de poder lidar com os jeans, pode cortar a maioria dos outros tecidos. Tanto o efeito de corte quanto a velocidade de corte podem atender \u00e0s necessidades de processamento di\u00e1rias.<br><\/p>    <p class=\"wp-block-paragraph\">Esta m\u00e1quina de reciclagem e corte de res\u00edduos de jeans \u00e9 composta principalmente por uma correia transportadora de alimenta\u00e7\u00e3o e descarga e um dispositivo de corte, f\u00e1cil de operar e f\u00e1cil de manter.<\/p>    <h2 class=\"wp-block-heading\" id=\"h-the-benefits-of-jeans-waste-recycling\">Os benef\u00edcios da reciclagem de res\u00edduos de jeans<\/h2>    <p class=\"wp-block-paragraph translation-block\"><strong><a href=\"https:\/\/fiberrecycling.com\/pt\/do-you-know-about-the-jeans-waste-recycling-machine\/\">A reciclagem e o processamento corretos de roupas de jeans usados<\/a><\/strong> podem n\u00e3o apenas minimizar o desperd\u00edcio de t\u00eaxteis, mas tamb\u00e9m reduzir significativamente nossa demanda por novos recursos, a fim de diminuir e aliviar a polui\u00e7\u00e3o dos t\u00eaxteis usados ao meio ambiente. Ao mesmo tempo, tamb\u00e9m pode convocar mais pessoas a se juntarem \u00e0 lista de reciclagem de roupas.<\/p>    <figure class=\"wp-block-image size-large\"><img loading=\"lazy\" decoding=\"async\" width=\"1024\" height=\"683\" src=\"https:\/\/fiberrecycling.com\/wp-content\/uploads\/2021\/02\/Recycling-denim-fabric-1024x683.jpg\" alt=\"Reciclagem de tecido jeans\" class=\"wp-image-565\" srcset=\"https:\/\/fiberrecycling.com\/wp-content\/uploads\/2021\/02\/Recycling-denim-fabric-1024x683.jpg 1024w, https:\/\/fiberrecycling.com\/wp-content\/uploads\/2021\/02\/Recycling-denim-fabric-300x200.jpg 300w, https:\/\/fiberrecycling.com\/wp-content\/uploads\/2021\/02\/Recycling-denim-fabric-768x512.jpg 768w, https:\/\/fiberrecycling.com\/wp-content\/uploads\/2021\/02\/Recycling-denim-fabric.jpg 1080w\" sizes=\"(max-width: 1024px) 100vw, 1024px\" \/><figcaption>Reciclagem de tecido jeans<\/figcaption><\/figure>","protected":false},"excerpt":{"rendered":"<p>A m\u00e1quina de reciclagem de res\u00edduos de jeans \u00e9 um equipamento especial para reciclagem de tecidos jeans. Como representante da moda, o jeans tamb\u00e9m \u00e9 muito comum na vida. Com o crescente entusiasmo das pessoas pela moda, a produ\u00e7\u00e3o de res\u00edduos de jeans tamb\u00e9m aumenta, e esses res\u00edduos tamb\u00e9m devem ser devidamente reciclados.<\/p>","protected":false},"author":1,"featured_media":482,"comment_status":"open","ping_status":"open","sticky":false,"template":"","format":"standard","meta":{"_crdt_document":"","footnotes":""},"categories":[1],"tags":[54],"class_list":["post-480","post","type-post","status-publish","format-standard","has-post-thumbnail","hentry","category-news","tag-textile-recycling"],"_links":{"self":[{"href":"https:\/\/fiberrecycling.com\/pt\/wp-json\/wp\/v2\/posts\/480","targetHints":{"allow":["GET"]}}],"collection":[{"href":"https:\/\/fiberrecycling.com\/pt\/wp-json\/wp\/v2\/posts"}],"about":[{"href":"https:\/\/fiberrecycling.com\/pt\/wp-json\/wp\/v2\/types\/post"}],"author":[{"embeddable":true,"href":"https:\/\/fiberrecycling.com\/pt\/wp-json\/wp\/v2\/users\/1"}],"replies":[{"embeddable":true,"href":"https:\/\/fiberrecycling.com\/pt\/wp-json\/wp\/v2\/comments?post=480"}],"version-history":[{"count":0,"href":"https:\/\/fiberrecycling.com\/pt\/wp-json\/wp\/v2\/posts\/480\/revisions"}],"wp:featuredmedia":[{"embeddable":true,"href":"https:\/\/fiberrecycling.com\/pt\/wp-json\/wp\/v2\/media\/482"}],"wp:attachment":[{"href":"https:\/\/fiberrecycling.com\/pt\/wp-json\/wp\/v2\/media?parent=480"}],"wp:term":[{"taxonomy":"category","embeddable":true,"href":"https:\/\/fiberrecycling.com\/pt\/wp-json\/wp\/v2\/categories?post=480"},{"taxonomy":"post_tag","embeddable":true,"href":"https:\/\/fiberrecycling.com\/pt\/wp-json\/wp\/v2\/tags?post=480"}],"curies":[{"name":"wp","href":"https:\/\/api.w.org\/{rel}","templated":true}]}}