{"id":1070,"date":"2022-10-14T11:49:33","date_gmt":"2022-10-14T03:49:33","guid":{"rendered":"https:\/\/fiberrecycling.com\/?p=1070"},"modified":"2024-12-25T17:57:31","modified_gmt":"2024-12-25T09:57:31","slug":"how-to-achieve-harmless-reuse-of-waste-fabric","status":"publish","type":"post","link":"https:\/\/fiberrecycling.com\/tr\/how-to-achieve-harmless-reuse-of-waste-fabric\/","title":{"rendered":"At\u0131k kuma\u015f\u0131n zarars\u0131z yeniden kullan\u0131m\u0131 nas\u0131l sa\u011flan\u0131r?"},"content":{"rendered":"<div class=\"kk-star-ratings kksr-auto kksr-align-left kksr-valign-top\"     data-payload='{&quot;align&quot;:&quot;left&quot;,&quot;id&quot;:&quot;1070&quot;,&quot;slug&quot;:&quot;default&quot;,&quot;valign&quot;:&quot;top&quot;,&quot;ignore&quot;:&quot;&quot;,&quot;reference&quot;:&quot;auto&quot;,&quot;class&quot;:&quot;&quot;,&quot;count&quot;:&quot;27&quot;,&quot;legendonly&quot;:&quot;&quot;,&quot;readonly&quot;:&quot;&quot;,&quot;score&quot;:&quot;4.6&quot;,&quot;starsonly&quot;:&quot;&quot;,&quot;best&quot;:&quot;5&quot;,&quot;gap&quot;:&quot;5&quot;,&quot;greet&quot;:&quot;Rate this post&quot;,&quot;legend&quot;:&quot;4.6\\\/5 - (27 votes)&quot;,&quot;size&quot;:&quot;24&quot;,&quot;title&quot;:&quot;How to achieve harmless reuse of waste fabric?&quot;,&quot;width&quot;:&quot;130.9&quot;,&quot;_legend&quot;:&quot;{score}\\\/{best} - ({count} {votes})&quot;,&quot;font_factor&quot;:&quot;1.25&quot;}'>              <div class=\"kksr-stars\">      <div class=\"kksr-stars-inactive\">             <div class=\"kksr-star\" data-star=\"1\" style=\"padding-right: 5px\">               <div class=\"kksr-icon\" style=\"width: 24px; height: 24px;\"><\/div>         <\/div>             <div class=\"kksr-star\" data-star=\"2\" style=\"padding-right: 5px\">               <div class=\"kksr-icon\" style=\"width: 24px; height: 24px;\"><\/div>         <\/div>             <div class=\"kksr-star\" data-star=\"3\" style=\"padding-right: 5px\">               <div class=\"kksr-icon\" style=\"width: 24px; height: 24px;\"><\/div>         <\/div>             <div class=\"kksr-star\" data-star=\"4\" style=\"padding-right: 5px\">               <div class=\"kksr-icon\" style=\"width: 24px; height: 24px;\"><\/div>         <\/div>             <div class=\"kksr-star\" data-star=\"5\" style=\"padding-right: 5px\">               <div class=\"kksr-icon\" style=\"width: 24px; height: 24px;\"><\/div>         <\/div>     <\/div>      <div class=\"kksr-stars-active\" style=\"width: 130.9px;\">             <div class=\"kksr-star\" style=\"padding-right: 5px\">               <div class=\"kksr-icon\" style=\"width: 24px; height: 24px;\"><\/div>         <\/div>             <div class=\"kksr-star\" style=\"padding-right: 5px\">               <div class=\"kksr-icon\" style=\"width: 24px; height: 24px;\"><\/div>         <\/div>             <div class=\"kksr-star\" style=\"padding-right: 5px\">               <div class=\"kksr-icon\" style=\"width: 24px; height: 24px;\"><\/div>         <\/div>             <div class=\"kksr-star\" style=\"padding-right: 5px\">               <div class=\"kksr-icon\" style=\"width: 24px; height: 24px;\"><\/div>         <\/div>             <div class=\"kksr-star\" style=\"padding-right: 5px\">               <div class=\"kksr-icon\" style=\"width: 24px; height: 24px;\"><\/div>         <\/div>     <\/div> <\/div>                   <div class=\"kksr-legend\" style=\"font-size: 19.2px;\">             4.6\/5 - (27 oy)    <\/div>     <\/div>  <p class=\"wp-block-paragraph\">Bir\u00e7ok \u00fclkede her y\u0131l \u00e7ok say\u0131da at\u0131k kuma\u015f ve giysinin geri d\u00f6n\u00fc\u015ft\u00fcr\u00fclmesi gerekiyor. Peki at\u0131k kuma\u015flar nas\u0131l geri d\u00f6n\u00fc\u015ft\u00fcr\u00fcl\u00fcyor? Kuma\u015f elyaf geri d\u00f6n\u00fc\u015f\u00fcm ekipmanlar\u0131yla geri d\u00f6n\u00fc\u015f\u00fcm i\u015fine ba\u015flamak iyi bir se\u00e7im olacakt\u0131r.<\/p>    <h2 class=\"wp-block-heading\">At\u0131k kuma\u015flar\u0131n geri d\u00f6n\u00fc\u015ft\u00fcr\u00fclmesinin \u00f6nemi<\/h2>    <p class=\"wp-block-paragraph\">\u0130nsanlar\u0131n ya\u015fam standartlar\u0131 y\u00fckseldik\u00e7e, giysiler h\u0131zl\u0131 t\u00fcketim \u00fcr\u00fcnleri haline geliyor. \u0130nsanlar\u0131n sat\u0131n ald\u0131\u011f\u0131 giysilerin s\u0131kl\u0131\u011f\u0131 ve miktar\u0131 art\u0131yor, bu nedenle giysilerin at\u0131lmas\u0131 ve elden \u00e7\u0131kar\u0131lmas\u0131 \u00e7ok yayg\u0131n hale geliyor.<\/p>    <p class=\"wp-block-paragraph\">\u0130statistiklere g\u00f6re, tekstil end\u00fcstrisi d\u00fcnya genelindeki toplam karbon emisyonlar\u0131n\u0131n 'unu olu\u015fturmakta ve d\u00fcnyan\u0131n en kirletici ikinci end\u00fcstrisidir. \u00c7in her y\u0131l yakla\u015f\u0131k 20 milyon ton ikinci el giysi \u00fcretmekte ve t\u00fcketmektedir. <\/p>    <p class=\"wp-block-paragraph\">Hayatta \u00e7o\u011fu insan, 10%'den daha az\u0131 taraf\u0131ndan yeniden kullan\u0131labilen kullan\u0131lm\u0131\u015f k\u0131yafetleri \u00e7\u00f6p olarak atmay\u0131 tercih eder. At\u0131lan bu k\u0131yafetlerin do\u011fada \u00e7\u00f6z\u00fcnmesi 10 y\u0131ldan fazla zaman alabilir; e\u011fer at\u0131lanlar\u0131n hepsi \u00e7ok fazla at\u0131\u011fa ve \u00e7evre kirlili\u011fine neden olacaksa.<\/p>    <figure class=\"wp-block-image aligncenter size-full\"><img fetchpriority=\"high\" decoding=\"async\" width=\"720\" height=\"540\" src=\"https:\/\/fiberrecycling.com\/wp-content\/uploads\/2022\/10\/waste-fabrics.jpg\" alt=\"at\u0131k kuma\u015flar\" class=\"wp-image-1073\"\/><figcaption class=\"wp-element-caption\">at\u0131k kuma\u015flar<\/figcaption><\/figure>    <p class=\"wp-block-paragraph translation-block\">Kullan\u0131lm\u0131\u015f giysilerin \u00e7\u00f6pe d\u00f6n\u00fc\u015fmesi b\u00fcy\u00fck bir tehlike olabilir. Ancak, t\u00fcm giysilerin neredeyse 0'\u00fc geri d\u00f6n\u00fc\u015ft\u00fcr\u00fclebilir. Uluslararas\u0131 Geri D\u00f6n\u00fc\u015f\u00fcm B\u00fcrosu (BIR), daha \u00f6nce yapt\u0131\u011f\u0131 bir tahminde, 1 kg at\u0131k tekstilin ak\u0131ll\u0131ca kullan\u0131lmas\u0131yla 3,6 kg karbondioksit emisyonunun azalt\u0131labilece\u011fini, 6.000 litre suyun tasarruf edilebilece\u011fini ve 0,3 kg g\u00fcbre ile 0,2 kg pestisitin daha az kullan\u0131labilece\u011fini belirtmi\u015ftir. <\/p>    <p class=\"wp-block-paragraph\">Eski giysiler \u00e7\u00f6p olarak at\u0131l\u0131rken, yak\u0131ld\u0131\u011f\u0131 takdirde k\u00f6m\u00fcr, elektrik gibi enerji t\u00fcketilirken yanma sonras\u0131 karbondioksit ve k\u00fcl dahil \u00e7ok say\u0131da kirletici madde ortaya \u00e7\u0131k\u0131yor. \u00c7\u00f6p depolama \u015feklinde kabaca bertaraf edilirse, sadece araziyi i\u015fgal etmekle kalmaz, \u00fcretilen zararl\u0131 maddeler de topra\u011f\u0131 ve suyu kirletir.<\/p>    <h2 class=\"wp-block-heading\">At\u0131k kuma\u015flar\u0131n zarars\u0131z bir \u015fekilde yeniden kullan\u0131m\u0131 nas\u0131l ger\u00e7ekle\u015ftirilebilir?<\/h2>    <p class=\"wp-block-paragraph\">G\u00fcn\u00fcm\u00fczde geri d\u00f6n\u00fc\u015ft\u00fcr\u00fclm\u00fc\u015f t\u00fcm kuma\u015flar, kapsaml\u0131 bir i\u015fleme tabi tutulmak \u00fczere ay\u0131rma ve i\u015fleme merkezine ta\u015f\u0131nmaktad\u0131r. Geri d\u00f6n\u00fc\u015ft\u00fcr\u00fclen giysiler, rengine ve yenili\u011fine g\u00f6re farkl\u0131 geri d\u00f6n\u00fc\u015f\u00fcm \u00e7er\u00e7evelerine yerle\u015ftirilecek. <\/p>    <p class=\"wp-block-paragraph translation-block\">Daha parlak renkli kuma\u015flar, <strong><a href=\"https:\/\/fiberrecycling.com\/tr\/waste-fiber-recycling-plant\/\">kuma\u015f elyaf geri d\u00f6n\u00fc\u015f\u00fcm ekipmanlar\u0131<\/a><\/strong> taraf\u0131ndan ezme, pamuk a\u00e7ma, alev geciktirici p\u00fcsk\u00fcrtme ve di\u011fer i\u015flemlerle i\u015flenerek sebze seras\u0131 yal\u0131t\u0131m\u0131, araba yal\u0131t\u0131m pamu\u011fu ve di\u011fer \u00fcr\u00fcnler haline getirilecek. A\u00e7\u0131k renkli, d\u00fcz renk eski giysiler ise baz\u0131 kuma\u015f i\u015fleme fabrikalar\u0131na ta\u015f\u0131narak geri d\u00f6n\u00fc\u015ft\u00fcr\u00fclm\u00fc\u015f iplik ve di\u011fer hammaddeler haline getirilecek.<\/p>    <figure class=\"wp-block-image aligncenter size-full\"><img decoding=\"async\" width=\"720\" height=\"540\" src=\"https:\/\/fiberrecycling.com\/wp-content\/uploads\/2022\/10\/recycled-yarn.jpg\" alt=\"geri d\u00f6n\u00fc\u015ft\u00fcr\u00fclm\u00fc\u015f iplik\" class=\"wp-image-1074\"\/><figcaption class=\"wp-element-caption\">geri d\u00f6n\u00fc\u015ft\u00fcr\u00fclm\u00fc\u015f iplik<\/figcaption><\/figure>    <p class=\"wp-block-paragraph\">Kullan\u0131lm\u0131\u015f ve at\u0131k giysilerin geri d\u00f6n\u00fc\u015f\u00fcm\u00fc genellikle s\u0131n\u0131fland\u0131rma, ta\u015f\u0131ma, k\u0131rma, pamuk a\u00e7ma, e\u011firme ve di\u011fer i\u015flemlerden ge\u00e7er. \u0130\u015flenen malzeme geri d\u00f6n\u00fc\u015ft\u00fcr\u00fclm\u00fc\u015f elyaf haline getirilerek sanayi, tar\u0131m, in\u015faat sekt\u00f6r\u00fc ve di\u011fer alanlarda kullan\u0131labilir. Araba dekorasyonu, yer paspas\u0131, \u0131s\u0131 ve ses yal\u0131t\u0131m malzemeleri, tar\u0131m alan\u0131 barakas\u0131 mal\u00e7lar\u0131, suni \u00e7im alt dokumalar\u0131n yan\u0131 s\u0131ra minderler, pelu\u015f oyuncaklar i\u00e7in dolgular imalat\u0131 gibi.<\/p>","protected":false},"excerpt":{"rendered":"<p>A lot of waste fabrics and clothes need to be recycled every year in many countries. So how are waste fabrics recycled? It would be a good choice to start a recycling business with fabric fiber recycling equipment. The importance of recycling waste fabrics As people&#8217;s living standards continue to improve, clothes are becoming a [&hellip;]<\/p>\n","protected":false},"author":1,"featured_media":1072,"comment_status":"open","ping_status":"open","sticky":false,"template":"","format":"standard","meta":{"_crdt_document":"","footnotes":""},"categories":[1],"tags":[54],"class_list":["post-1070","post","type-post","status-publish","format-standard","has-post-thumbnail","hentry","category-news","tag-textile-recycling"],"_links":{"self":[{"href":"https:\/\/fiberrecycling.com\/tr\/wp-json\/wp\/v2\/posts\/1070","targetHints":{"allow":["GET"]}}],"collection":[{"href":"https:\/\/fiberrecycling.com\/tr\/wp-json\/wp\/v2\/posts"}],"about":[{"href":"https:\/\/fiberrecycling.com\/tr\/wp-json\/wp\/v2\/types\/post"}],"author":[{"embeddable":true,"href":"https:\/\/fiberrecycling.com\/tr\/wp-json\/wp\/v2\/users\/1"}],"replies":[{"embeddable":true,"href":"https:\/\/fiberrecycling.com\/tr\/wp-json\/wp\/v2\/comments?post=1070"}],"version-history":[{"count":0,"href":"https:\/\/fiberrecycling.com\/tr\/wp-json\/wp\/v2\/posts\/1070\/revisions"}],"wp:featuredmedia":[{"embeddable":true,"href":"https:\/\/fiberrecycling.com\/tr\/wp-json\/wp\/v2\/media\/1072"}],"wp:attachment":[{"href":"https:\/\/fiberrecycling.com\/tr\/wp-json\/wp\/v2\/media?parent=1070"}],"wp:term":[{"taxonomy":"category","embeddable":true,"href":"https:\/\/fiberrecycling.com\/tr\/wp-json\/wp\/v2\/categories?post=1070"},{"taxonomy":"post_tag","embeddable":true,"href":"https:\/\/fiberrecycling.com\/tr\/wp-json\/wp\/v2\/tags?post=1070"}],"curies":[{"name":"wp","href":"https:\/\/api.w.org\/{rel}","templated":true}]}}