{"id":1117,"date":"2022-11-23T16:55:15","date_gmt":"2022-11-23T08:55:15","guid":{"rendered":"https:\/\/fiberrecycling.com\/?p=1117"},"modified":"2024-12-25T17:56:29","modified_gmt":"2024-12-25T09:56:29","slug":"what-is-the-use-of-cloth-recycling","status":"publish","type":"post","link":"https:\/\/fiberrecycling.com\/tr\/what-is-the-use-of-cloth-recycling\/","title":{"rendered":"Kuma\u015f geri d\u00f6n\u00fc\u015f\u00fcm\u00fc ne i\u015fe yarar?"},"content":{"rendered":"<div class=\"kk-star-ratings kksr-auto kksr-align-left kksr-valign-top\"     data-payload='{&quot;align&quot;:&quot;left&quot;,&quot;id&quot;:&quot;1117&quot;,&quot;slug&quot;:&quot;default&quot;,&quot;valign&quot;:&quot;top&quot;,&quot;ignore&quot;:&quot;&quot;,&quot;reference&quot;:&quot;auto&quot;,&quot;class&quot;:&quot;&quot;,&quot;count&quot;:&quot;13&quot;,&quot;legendonly&quot;:&quot;&quot;,&quot;readonly&quot;:&quot;&quot;,&quot;score&quot;:&quot;4.6&quot;,&quot;starsonly&quot;:&quot;&quot;,&quot;best&quot;:&quot;5&quot;,&quot;gap&quot;:&quot;5&quot;,&quot;greet&quot;:&quot;Rate this post&quot;,&quot;legend&quot;:&quot;4.6\\\/5 - (13 votes)&quot;,&quot;size&quot;:&quot;24&quot;,&quot;title&quot;:&quot;What is the use of cloth recycling?&quot;,&quot;width&quot;:&quot;130.9&quot;,&quot;_legend&quot;:&quot;{score}\\\/{best} - ({count} {votes})&quot;,&quot;font_factor&quot;:&quot;1.25&quot;}'>              <div class=\"kksr-stars\">      <div class=\"kksr-stars-inactive\">             <div class=\"kksr-star\" data-star=\"1\" style=\"padding-right: 5px\">               <div class=\"kksr-icon\" style=\"width: 24px; height: 24px;\"><\/div>         <\/div>             <div class=\"kksr-star\" data-star=\"2\" style=\"padding-right: 5px\">               <div class=\"kksr-icon\" style=\"width: 24px; height: 24px;\"><\/div>         <\/div>             <div class=\"kksr-star\" data-star=\"3\" style=\"padding-right: 5px\">               <div class=\"kksr-icon\" style=\"width: 24px; height: 24px;\"><\/div>         <\/div>             <div class=\"kksr-star\" data-star=\"4\" style=\"padding-right: 5px\">               <div class=\"kksr-icon\" style=\"width: 24px; height: 24px;\"><\/div>         <\/div>             <div class=\"kksr-star\" data-star=\"5\" style=\"padding-right: 5px\">               <div class=\"kksr-icon\" style=\"width: 24px; height: 24px;\"><\/div>         <\/div>     <\/div>      <div class=\"kksr-stars-active\" style=\"width: 130.9px;\">             <div class=\"kksr-star\" style=\"padding-right: 5px\">               <div class=\"kksr-icon\" style=\"width: 24px; height: 24px;\"><\/div>         <\/div>             <div class=\"kksr-star\" style=\"padding-right: 5px\">               <div class=\"kksr-icon\" style=\"width: 24px; height: 24px;\"><\/div>         <\/div>             <div class=\"kksr-star\" style=\"padding-right: 5px\">               <div class=\"kksr-icon\" style=\"width: 24px; height: 24px;\"><\/div>         <\/div>             <div class=\"kksr-star\" style=\"padding-right: 5px\">               <div class=\"kksr-icon\" style=\"width: 24px; height: 24px;\"><\/div>         <\/div>             <div class=\"kksr-star\" style=\"padding-right: 5px\">               <div class=\"kksr-icon\" style=\"width: 24px; height: 24px;\"><\/div>         <\/div>     <\/div> <\/div>                   <div class=\"kksr-legend\" style=\"font-size: 19.2px;\">             4.6\/5 - (13 oy)    <\/div>     <\/div>  <p class=\"wp-block-paragraph\">Hurda kuma\u015f geri d\u00f6n\u00fc\u015f\u00fcm\u00fc, kaynak tasarrufu ve \u00e7evrenin korunmas\u0131 a\u00e7\u0131s\u0131ndan b\u00fcy\u00fck \u00f6nem ta\u015f\u0131yor. Kuma\u015f pa\u00e7avralar geri d\u00f6n\u00fc\u015ft\u00fcr\u00fclebilir ve bir\u00e7ok faydal\u0131 \u00fcr\u00fcn \u00fcretmek i\u00e7in yeniden kullan\u0131labilir. Kuma\u015f\u0131 merkezile\u015ftirmek ve daha sonra ba\u015fka \u00fcr\u00fcnlere d\u00f6n\u00fc\u015ft\u00fcrmek i\u00e7in kuma\u015f geri d\u00f6n\u00fc\u015f\u00fcm ekipmanlar\u0131n\u0131 kullanabiliriz. Peki kuma\u015f geri d\u00f6n\u00fc\u015f\u00fcm\u00fcn\u00fcn spesifik kullan\u0131mlar\u0131 nelerdir?<\/p>    <figure class=\"wp-block-image aligncenter size-full\"><img fetchpriority=\"high\" decoding=\"async\" width=\"720\" height=\"540\" src=\"https:\/\/fiberrecycling.com\/wp-content\/uploads\/2022\/10\/waste-fabrics.jpg\" alt=\"at\u0131k kuma\u015flar\" class=\"wp-image-1073\"\/><figcaption class=\"wp-element-caption\">geri d\u00f6n\u00fc\u015f\u00fcm i\u00e7in at\u0131k kuma\u015f<\/figcaption><\/figure>    <h2 class=\"wp-block-heading\">Kuma\u015f geri d\u00f6n\u00fc\u015f\u00fcm\u00fc i\u00e7in bez bezlerin s\u0131n\u0131fland\u0131r\u0131lmas\u0131<\/h2>    <h3 class=\"wp-block-heading\">Pamuklu kuma\u015f <\/h3>    <p class=\"wp-block-paragraph\">Pamuklu kuma\u015f, her t\u00fcrl\u00fc pamuklu tekstil i\u00e7in genel bir terimdir. \u00c7o\u011funlukla moda, g\u00fcndelik giyim, i\u00e7 \u00e7ama\u015f\u0131r\u0131 ve g\u00f6mlek yap\u0131m\u0131nda kullan\u0131l\u0131r. Pamuklu bezin avantaj\u0131 s\u0131cak tutman\u0131n kolay olmas\u0131, yumu\u015fak ve cilde yak\u0131n olmas\u0131, higroskopikli\u011fi ve hava ge\u00e7irgenli\u011finin \u00e7ok iyi olmas\u0131d\u0131r. Dezavantaj\u0131 kolay k\u00fc\u00e7\u00fcl\u00fcp buru\u015fmas\u0131 ve giyerken s\u0131k s\u0131k \u00fct\u00fclenmesinin gerekmesidir.<\/p>    <h3 class=\"wp-block-heading\">Kimyasal elyaf<\/h3>    <p class=\"wp-block-paragraph\">Kimyasal elyaflar, polimer bile\u015fiklerinden yap\u0131lm\u0131\u015f elyaflardan yap\u0131lm\u0131\u015f tekstillerdir. Kimyasal lifler genel olarak iki kategoriye ayr\u0131l\u0131r: yapay lifler ve sentetik lifler. Ortak avantajlar\u0131 parlak renkler, yumu\u015fak doku, p\u00fcr\u00fczs\u00fcz ve rahatt\u0131r. Kimyasal elyaf\u0131n dezavantajlar\u0131 zay\u0131f a\u015f\u0131nma direnci, \u0131s\u0131 direnci, nem emilimi ve hava ge\u00e7irgenli\u011fidir. <\/p>    <p class=\"wp-block-paragraph\">Kimyasal lifler \u0131s\u0131ya maruz kald\u0131\u011f\u0131nda kolayca deforme olur ve ayn\u0131 zamanda statik elektri\u011fe de e\u011filimlidir. Kimyasal elyaf\u0131n geli\u015fimin erken a\u015famas\u0131nda \u00fc\u00e7 \u00f6nemli avantaj\u0131 vard\u0131r: Birincisi, dayan\u0131kl\u0131d\u0131r; ikincisi, bak\u0131m\u0131 kolayd\u0131r ve k\u0131r\u0131\u015f\u0131kl\u0131k \u00f6nleyici ve \u00fct\u00fclememe \u00f6zelliklerine sahiptir; \u00fc\u00e7\u00fcnc\u00fcs\u00fc sanayile\u015febilir ve seri \u00fcretilebilir.<\/p>    <h3 class=\"wp-block-heading\">\u0130pek<\/h3>    <p class=\"wp-block-paragraph\">\u0130pek, ham madde olarak ipekten dokunan \u00e7e\u015fitli ipek kuma\u015flar i\u00e7in genel bir terimdir. Bir\u00e7ok \u00e7e\u015fidi ve farkl\u0131 \u00f6zellikleri vard\u0131r. \u0130pek, her t\u00fcrl\u00fc giyim e\u015fyas\u0131 yapmak i\u00e7in kullan\u0131labilir, \u00f6zellikle kad\u0131n giyimi i\u00e7in. Avantajlar\u0131 hafif ve ince, v\u00fccuda oturan, yumu\u015fak, p\u00fcr\u00fczs\u00fcz, nefes alabilen, renkli, parlak ve giyimi rahatt\u0131r. Ancak bu t\u00fcr kuma\u015f\u0131n dezavantaj\u0131, kolayca k\u0131r\u0131\u015fmas\u0131, yeterince dayan\u0131kl\u0131 olmamas\u0131 ve h\u0131zl\u0131ca solmas\u0131d\u0131r.<\/p>    <h3 class=\"wp-block-heading\">Keten<\/h3>    <p class=\"wp-block-paragraph\">Keten, kenevir, keten, rami, j\u00fct, sisal kenevir ve abaca gibi \u00e7e\u015fitli kenevir bitkisi liflerinden yap\u0131lm\u0131\u015f bir kuma\u015f t\u00fcr\u00fcd\u00fcr. Keten genellikle g\u00fcndelik giyim ve i\u015f k\u0131yafetleri yapmak i\u00e7in kullan\u0131l\u0131r. G\u00fcn\u00fcm\u00fczde s\u0131radan yazl\u0131k k\u0131yafetlerin yap\u0131m\u0131nda da kullan\u0131lmaktad\u0131r. Ketenlerin avantajlar\u0131 son derece y\u00fcksek mukavemet, nem emme, \u0131s\u0131 iletimi ve hava ge\u00e7irgenli\u011fidir. Dezavantaj\u0131 ise giyiminin pek rahat olmamas\u0131, g\u00f6r\u00fcn\u00fc\u015f\u00fcn\u00fcn kaba ve sert olmas\u0131d\u0131r.<\/p>    <figure class=\"wp-block-image aligncenter size-full\"><img decoding=\"async\" width=\"720\" height=\"540\" src=\"https:\/\/fiberrecycling.com\/wp-content\/uploads\/2022\/11\/cloth-fiber-cutter-for-cloth-recycling.jpg\" alt=\"kuma\u015f geri d\u00f6n\u00fc\u015f\u00fcm\u00fc i\u00e7in kuma\u015f elyaf kesici\" class=\"wp-image-1119\"\/><figcaption class=\"wp-element-caption\">kuma\u015f geri d\u00f6n\u00fc\u015f\u00fcm\u00fc i\u00e7in kuma\u015f elyaf kesici<\/figcaption><\/figure>    <h2 class=\"wp-block-heading\">Kuma\u015f geri d\u00f6n\u00fc\u015f\u00fcm\u00fcn\u00fcn kullan\u0131m\u0131<\/h2>    <p class=\"wp-block-paragraph translation-block\"><a href=\"https:\/\/en.wikipedia.org\/wiki\/Textile_recycling\" target=\"_blank\" rel=\"noopener\">At\u0131k kuma\u015f<\/a> geri d\u00f6n\u00fc\u015f\u00fcm\u00fc ayr\u0131ca \u201cgeri d\u00f6n\u00fc\u015ft\u00fcr\u00fclm\u00fc\u015f kuma\u015f\u201d olarak da geri d\u00f6n\u00fc\u015ft\u00fcr\u00fclebilir, bu da kalan ve at\u0131k malzemeleri par\u00e7alara ay\u0131rmak i\u00e7in bir <strong><a href=\"https:\/\/fiberrecycling.com\/tr\/textile-fiber-cutting-machine\/\">lif kesici<\/a><\/strong> kullanmak anlam\u0131na gelir. Ard\u0131ndan bitki lifi ba\u011flay\u0131c\u0131s\u0131 ve \u00e7e\u015fitli katk\u0131 maddeleri eklenir ve preslenerek \u015fekil verilir. <\/p>    <p class=\"wp-block-paragraph\">Bu geri d\u00f6n\u00fc\u015ft\u00fcr\u00fclm\u00fc\u015f kompozit elyaf, yeniden k\u0131yafet yap\u0131m\u0131nda kullan\u0131labilir. Fakir olanlar kanvas, paspas bezi vb. olarak kullan\u0131labilir veya temizlendikten sonra oyuncak bebek k\u0131yafetleri gibi kuma\u015fla ilgili baz\u0131 DIY malzemeleri yapmak i\u00e7in kullan\u0131labilir.<\/p>    <p class=\"wp-block-paragraph\">Hurda bez dekoratif malzemelerde yayg\u0131n olarak kullan\u0131lan bir malzemedir. Kimyasal elyaf hal\u0131lar, dokunmam\u0131\u015f duvar kaplamalar\u0131, keten kuma\u015f, naylon kuma\u015f, renkli bant, flanel ve di\u011fer kuma\u015flar dahil. <\/p>    <p class=\"wp-block-paragraph\">Kuma\u015f hurdas\u0131 dekoratif te\u015fhirde \u00f6nemli bir rol oynar. Sat\u0131\u015f alanlar\u0131nda pa\u00e7avralar genellikle g\u00f6z ard\u0131 edilmemelidir. Duvar dekorasyonu ve arka plan i\u015flemesi i\u00e7in \u00e7ok say\u0131da pa\u00e7avra kullan\u0131l\u0131r ve bu ayn\u0131 zamanda iyi bir ticari alan sergileme stili de olu\u015fturabilir.<\/p>","protected":false},"excerpt":{"rendered":"<p>Scrap cloth recycling is of great significance in saving resources and protecting the environment. Cloth rags can be recycled and reused to produce many useful products. We can use fabric recycling equipment to centralize the fabric and then process it into other products. So, what are the specific uses of cloth recycling? Classification of cloth [&hellip;]<\/p>\n","protected":false},"author":1,"featured_media":1118,"comment_status":"open","ping_status":"open","sticky":false,"template":"","format":"standard","meta":{"_crdt_document":"","footnotes":""},"categories":[1],"tags":[54],"class_list":["post-1117","post","type-post","status-publish","format-standard","has-post-thumbnail","hentry","category-news","tag-textile-recycling"],"_links":{"self":[{"href":"https:\/\/fiberrecycling.com\/tr\/wp-json\/wp\/v2\/posts\/1117","targetHints":{"allow":["GET"]}}],"collection":[{"href":"https:\/\/fiberrecycling.com\/tr\/wp-json\/wp\/v2\/posts"}],"about":[{"href":"https:\/\/fiberrecycling.com\/tr\/wp-json\/wp\/v2\/types\/post"}],"author":[{"embeddable":true,"href":"https:\/\/fiberrecycling.com\/tr\/wp-json\/wp\/v2\/users\/1"}],"replies":[{"embeddable":true,"href":"https:\/\/fiberrecycling.com\/tr\/wp-json\/wp\/v2\/comments?post=1117"}],"version-history":[{"count":0,"href":"https:\/\/fiberrecycling.com\/tr\/wp-json\/wp\/v2\/posts\/1117\/revisions"}],"wp:featuredmedia":[{"embeddable":true,"href":"https:\/\/fiberrecycling.com\/tr\/wp-json\/wp\/v2\/media\/1118"}],"wp:attachment":[{"href":"https:\/\/fiberrecycling.com\/tr\/wp-json\/wp\/v2\/media?parent=1117"}],"wp:term":[{"taxonomy":"category","embeddable":true,"href":"https:\/\/fiberrecycling.com\/tr\/wp-json\/wp\/v2\/categories?post=1117"},{"taxonomy":"post_tag","embeddable":true,"href":"https:\/\/fiberrecycling.com\/tr\/wp-json\/wp\/v2\/tags?post=1117"}],"curies":[{"name":"wp","href":"https:\/\/api.w.org\/{rel}","templated":true}]}}