{"id":1184,"date":"2023-05-25T11:33:07","date_gmt":"2023-05-25T03:33:07","guid":{"rendered":"https:\/\/fiberrecycling.com\/?p=1184"},"modified":"2024-12-25T17:55:26","modified_gmt":"2024-12-25T09:55:26","slug":"waste-fiber-baler-machines-delivered-to-russia","status":"publish","type":"post","link":"https:\/\/fiberrecycling.com\/tr\/waste-fiber-baler-machines-delivered-to-russia\/","title":{"rendered":"16 Tak\u0131m At\u0131k Elyaf Balya Makinas\u0131 Rusya\u2019ya Teslim Edildi"},"content":{"rendered":"<div class=\"kk-star-ratings kksr-auto kksr-align-left kksr-valign-top\"     data-payload='{&quot;align&quot;:&quot;left&quot;,&quot;id&quot;:&quot;1184&quot;,&quot;slug&quot;:&quot;default&quot;,&quot;valign&quot;:&quot;top&quot;,&quot;ignore&quot;:&quot;&quot;,&quot;reference&quot;:&quot;auto&quot;,&quot;class&quot;:&quot;&quot;,&quot;count&quot;:&quot;27&quot;,&quot;legendonly&quot;:&quot;&quot;,&quot;readonly&quot;:&quot;&quot;,&quot;score&quot;:&quot;4.6&quot;,&quot;starsonly&quot;:&quot;&quot;,&quot;best&quot;:&quot;5&quot;,&quot;gap&quot;:&quot;5&quot;,&quot;greet&quot;:&quot;Rate this post&quot;,&quot;legend&quot;:&quot;4.6\\\/5 - (27 votes)&quot;,&quot;size&quot;:&quot;24&quot;,&quot;title&quot;:&quot;16 Sets of Waste Fiber Baler Machines Delivered to Russia&quot;,&quot;width&quot;:&quot;130.9&quot;,&quot;_legend&quot;:&quot;{score}\\\/{best} - ({count} {votes})&quot;,&quot;font_factor&quot;:&quot;1.25&quot;}'>              <div class=\"kksr-stars\">      <div class=\"kksr-stars-inactive\">             <div class=\"kksr-star\" data-star=\"1\" style=\"padding-right: 5px\">               <div class=\"kksr-icon\" style=\"width: 24px; height: 24px;\"><\/div>         <\/div>             <div class=\"kksr-star\" data-star=\"2\" style=\"padding-right: 5px\">               <div class=\"kksr-icon\" style=\"width: 24px; height: 24px;\"><\/div>         <\/div>             <div class=\"kksr-star\" data-star=\"3\" style=\"padding-right: 5px\">               <div class=\"kksr-icon\" style=\"width: 24px; height: 24px;\"><\/div>         <\/div>             <div class=\"kksr-star\" data-star=\"4\" style=\"padding-right: 5px\">               <div class=\"kksr-icon\" style=\"width: 24px; height: 24px;\"><\/div>         <\/div>             <div class=\"kksr-star\" data-star=\"5\" style=\"padding-right: 5px\">               <div class=\"kksr-icon\" style=\"width: 24px; height: 24px;\"><\/div>         <\/div>     <\/div>      <div class=\"kksr-stars-active\" style=\"width: 130.9px;\">             <div class=\"kksr-star\" style=\"padding-right: 5px\">               <div class=\"kksr-icon\" style=\"width: 24px; height: 24px;\"><\/div>         <\/div>             <div class=\"kksr-star\" style=\"padding-right: 5px\">               <div class=\"kksr-icon\" style=\"width: 24px; height: 24px;\"><\/div>         <\/div>             <div class=\"kksr-star\" style=\"padding-right: 5px\">               <div class=\"kksr-icon\" style=\"width: 24px; height: 24px;\"><\/div>         <\/div>             <div class=\"kksr-star\" style=\"padding-right: 5px\">               <div class=\"kksr-icon\" style=\"width: 24px; height: 24px;\"><\/div>         <\/div>             <div class=\"kksr-star\" style=\"padding-right: 5px\">               <div class=\"kksr-icon\" style=\"width: 24px; height: 24px;\"><\/div>         <\/div>     <\/div> <\/div>                   <div class=\"kksr-legend\" style=\"font-size: 19.2px;\">             4.6\/5 - (27 oy)    <\/div>     <\/div>  <p class=\"wp-block-paragraph\">Mekanik ekipmanlar\u0131n \u00f6nde gelen tedarik\u00e7ilerinden biri olarak, bir Rus m\u00fc\u015fteriye 16 verimli at\u0131k lif balyalama makinesi teslim etmekten gurur duyuyoruz. Karton, ka\u011f\u0131t ve plastik gibi geri d\u00f6n\u00fc\u015ft\u00fcr\u00fclebilir malzemeleri s\u0131k\u0131\u015ft\u0131rmak i\u00e7in tasarlanan bu makineler, m\u00fc\u015fterinin geri d\u00f6n\u00fc\u015f\u00fcm \u00e7abalar\u0131n\u0131 geli\u015ftirmesine ve karbon ayak izini azaltmas\u0131na yard\u0131mc\u0131 oldu.<\/p>    <p class=\"wp-block-paragraph translation-block\">Ekibimiz, her bir <a href=\"https:\/\/fiberrecycling.com\/tr\/vertical-hydraulic-baler\/\">at\u0131k elyaf balya makinesinin<\/a> benzersiz operasyonlar\u0131na uyacak \u015fekilde \u00f6zelle\u015ftirilmesini sa\u011flayarak m\u00fc\u015fterinin \u00f6zel ihtiya\u00e7 ve gereksinimlerini anlamak i\u00e7in yak\u0131n bir \u015fekilde \u00e7al\u0131\u015ft\u0131. Makineler kullan\u0131m ve bak\u0131m kolayl\u0131\u011f\u0131 i\u00e7in tasarlanm\u0131\u015ft\u0131r ve deneyimli teknisyenlerimiz optimum performans\u0131 sa\u011flamak i\u00e7in kapsaml\u0131 e\u011fitim vermi\u015ftir.<\/p>    <figure class=\"wp-block-image aligncenter size-full\"><img fetchpriority=\"high\" decoding=\"async\" width=\"720\" height=\"540\" src=\"https:\/\/fiberrecycling.com\/wp-content\/uploads\/2023\/05\/various-fiber-balers-of-Shuliy-factory.webp\" alt=\"Shuliy fabrikas\u0131n\u0131n \u00e7e\u015fitli elyaf balya makineleri\" class=\"wp-image-1186\"\/><figcaption class=\"wp-element-caption\">Shuliy fabrikas\u0131n\u0131n \u00e7e\u015fitli elyaf balya makineleri<\/figcaption><\/figure>    <h2 class=\"wp-block-heading\">G\u00fcvenilir At\u0131k Elyaf Balya Makinas\u0131 Verimlili\u011fi Art\u0131r\u0131yor<\/h2>    <p class=\"wp-block-paragraph translation-block\"><a href=\"https:\/\/en.wikipedia.org\/wiki\/Textile_recycling\" target=\"_blank\" rel=\"noopener\">Tekstil elyaf\u0131<\/a> balya makinelerinin kurulumunun ard\u0131ndan m\u00fc\u015fteri, verimlilikte \u00f6nemli bir art\u0131\u015f ya\u015fad\u0131. Makineler, otomatik balya \u00e7\u0131kar\u0131c\u0131lar\u0131n b\u00fcy\u00fck hacimli malzemelerin verimli bir \u015fekilde elle\u00e7lenmesini ve i\u015flenmesini sa\u011flamas\u0131yla s\u00fcrekli \u00e7al\u0131\u015facak \u015fekilde tasarland\u0131.<\/p>    <p class=\"wp-block-paragraph\">Verimlili\u011fi art\u0131rman\u0131n yan\u0131 s\u0131ra, makinelerin dengeli yap\u0131s\u0131 ve dayan\u0131kl\u0131 bile\u015fenleri, a\u011f\u0131r hizmet ko\u015fullar\u0131nda bile g\u00fcvenilir performans sa\u011fl\u0131yordu. Makinelerimiz m\u00fc\u015fterinin daha b\u00fcy\u00fck miktarda at\u0131k malzemeyi i\u015flemesine olanak sa\u011flad\u0131 ve s\u0131k\u0131\u015ft\u0131r\u0131lm\u0131\u015f balyalar\u0131n ta\u015f\u0131nmas\u0131 ve geri d\u00f6n\u00fc\u015f\u00fcm \u015firketlerine sat\u0131lmas\u0131 daha kolay oldu.<\/p>    <figure class=\"wp-block-image aligncenter size-full\"><img decoding=\"async\" width=\"720\" height=\"540\" src=\"https:\/\/fiberrecycling.com\/wp-content\/uploads\/2023\/05\/shipping-fiber-balers-to-Russia.webp\" alt=\"Rusya&#039;ya elyaf balya makineleri sevk\u0131yat\u0131\" class=\"wp-image-1187\"\/><figcaption class=\"wp-element-caption\">Rusya'ya elyaf balya makineleri sevk\u0131yat\u0131<\/figcaption><\/figure>    <h2 class=\"wp-block-heading\">Elyaf Balyalaman\u0131n \u00c7evresel ve Ekonomik Faydalar\u0131<\/h2>    <p class=\"wp-block-paragraph\">M\u00fc\u015fterinin at\u0131k lif balyalama makinelerine yapt\u0131\u011f\u0131 yat\u0131r\u0131m, sadece geri d\u00f6n\u00fc\u015f\u00fcm \u00e7abalar\u0131n\u0131 geli\u015ftirmekle kalmad\u0131, ayn\u0131 zamanda \u00f6nemli \u00e7evresel ve ekonomik faydalar da sa\u011flad\u0131. Malzemeleri s\u0131k\u0131\u015ft\u0131rarak, m\u00fc\u015fteri \u00fcretilen at\u0131k hacmini azaltmay\u0131 ve bertaraf maliyetlerinden tasarruf etmeyi ba\u015fard\u0131.<\/p>    <p class=\"wp-block-paragraph\">Ayr\u0131ca, s\u0131k\u0131\u015ft\u0131r\u0131lm\u0131\u015f balyalar\u0131n ta\u015f\u0131nmas\u0131 ve geri d\u00f6n\u00fc\u015f\u00fcm \u015firketlerine sat\u0131lmas\u0131 daha kolay hale geldi ve bu da m\u00fc\u015fteri i\u00e7in ek bir gelir ak\u0131\u015f\u0131 yaratt\u0131. At\u0131k elyaf balyalama makineleri ayn\u0131 zamanda sorumlu at\u0131k y\u00f6netimi uygulamalar\u0131n\u0131 te\u015fvik ederek m\u00fc\u015fterinin karbon ayak izini azaltmas\u0131na da yard\u0131mc\u0131 oldu.<\/p>    <p class=\"wp-block-paragraph\">Genel olarak at\u0131k elyaf balyalama makinelerimiz, geri d\u00f6n\u00fc\u015f\u00fcm \u00e7abalar\u0131n\u0131 geli\u015ftirmek ve ekonomik de\u011fer yaratmak i\u00e7in verimli ve g\u00fcvenilir ekipman sa\u011flayarak Rus m\u00fc\u015fterimiz i\u00e7in m\u00fckemmel bir yat\u0131r\u0131m oldu\u011funu kan\u0131tlad\u0131. Makinelerimizin geri d\u00f6n\u00fc\u015f\u00fcm s\u00fcrecinizi nas\u0131l iyile\u015ftirebilece\u011fi hakk\u0131nda daha fazla bilgi edinmek i\u00e7in yakla\u015fan ticari fuar\u0131m\u0131za kat\u0131l\u0131n.<\/p>","protected":false},"excerpt":{"rendered":"<p>As a leading provider of mechanical equipment, we were proud to deliver 16 efficient waste fiber baler machines to a Russian client. These machines, designed for compressing recyclable materials such as cardboard, paper, and plastic, have helped improve the client&#8217;s recycling efforts and reduce their carbon footprint. Our team worked closely with the client to [&hellip;]<\/p>\n","protected":false},"author":1,"featured_media":1185,"comment_status":"open","ping_status":"open","sticky":false,"template":"","format":"standard","meta":{"_crdt_document":"","footnotes":""},"categories":[1],"tags":[23],"class_list":["post-1184","post","type-post","status-publish","format-standard","has-post-thumbnail","hentry","category-news","tag-baler"],"_links":{"self":[{"href":"https:\/\/fiberrecycling.com\/tr\/wp-json\/wp\/v2\/posts\/1184","targetHints":{"allow":["GET"]}}],"collection":[{"href":"https:\/\/fiberrecycling.com\/tr\/wp-json\/wp\/v2\/posts"}],"about":[{"href":"https:\/\/fiberrecycling.com\/tr\/wp-json\/wp\/v2\/types\/post"}],"author":[{"embeddable":true,"href":"https:\/\/fiberrecycling.com\/tr\/wp-json\/wp\/v2\/users\/1"}],"replies":[{"embeddable":true,"href":"https:\/\/fiberrecycling.com\/tr\/wp-json\/wp\/v2\/comments?post=1184"}],"version-history":[{"count":0,"href":"https:\/\/fiberrecycling.com\/tr\/wp-json\/wp\/v2\/posts\/1184\/revisions"}],"wp:featuredmedia":[{"embeddable":true,"href":"https:\/\/fiberrecycling.com\/tr\/wp-json\/wp\/v2\/media\/1185"}],"wp:attachment":[{"href":"https:\/\/fiberrecycling.com\/tr\/wp-json\/wp\/v2\/media?parent=1184"}],"wp:term":[{"taxonomy":"category","embeddable":true,"href":"https:\/\/fiberrecycling.com\/tr\/wp-json\/wp\/v2\/categories?post=1184"},{"taxonomy":"post_tag","embeddable":true,"href":"https:\/\/fiberrecycling.com\/tr\/wp-json\/wp\/v2\/tags?post=1184"}],"curies":[{"name":"wp","href":"https:\/\/api.w.org\/{rel}","templated":true}]}}