{"id":1252,"date":"2023-12-15T17:41:54","date_gmt":"2023-12-15T09:41:54","guid":{"rendered":"https:\/\/fiberrecycling.com\/?p=1252"},"modified":"2024-12-25T17:53:39","modified_gmt":"2024-12-25T09:53:39","slug":"waste-cloth-cutting-machine-price","status":"publish","type":"post","link":"https:\/\/fiberrecycling.com\/tr\/waste-cloth-cutting-machine-price\/","title":{"rendered":"K\u00fc\u00e7\u00fck at\u0131k kuma\u015f kesme makinas\u0131 fiyat\u0131 nas\u0131ld\u0131r?"},"content":{"rendered":"<div class=\"kk-star-ratings kksr-auto kksr-align-left kksr-valign-top\"     data-payload='{&quot;align&quot;:&quot;left&quot;,&quot;id&quot;:&quot;1252&quot;,&quot;slug&quot;:&quot;default&quot;,&quot;valign&quot;:&quot;top&quot;,&quot;ignore&quot;:&quot;&quot;,&quot;reference&quot;:&quot;auto&quot;,&quot;class&quot;:&quot;&quot;,&quot;count&quot;:&quot;14&quot;,&quot;legendonly&quot;:&quot;&quot;,&quot;readonly&quot;:&quot;&quot;,&quot;score&quot;:&quot;4.6&quot;,&quot;starsonly&quot;:&quot;&quot;,&quot;best&quot;:&quot;5&quot;,&quot;gap&quot;:&quot;5&quot;,&quot;greet&quot;:&quot;Rate this post&quot;,&quot;legend&quot;:&quot;4.6\\\/5 - (14 votes)&quot;,&quot;size&quot;:&quot;24&quot;,&quot;title&quot;:&quot;How is a small waste cloth cutting machine price?&quot;,&quot;width&quot;:&quot;130.9&quot;,&quot;_legend&quot;:&quot;{score}\\\/{best} - ({count} {votes})&quot;,&quot;font_factor&quot;:&quot;1.25&quot;}'>              <div class=\"kksr-stars\">      <div class=\"kksr-stars-inactive\">             <div class=\"kksr-star\" data-star=\"1\" style=\"padding-right: 5px\">               <div class=\"kksr-icon\" style=\"width: 24px; height: 24px;\"><\/div>         <\/div>             <div class=\"kksr-star\" data-star=\"2\" style=\"padding-right: 5px\">               <div class=\"kksr-icon\" style=\"width: 24px; height: 24px;\"><\/div>         <\/div>             <div class=\"kksr-star\" data-star=\"3\" style=\"padding-right: 5px\">               <div class=\"kksr-icon\" style=\"width: 24px; height: 24px;\"><\/div>         <\/div>             <div class=\"kksr-star\" data-star=\"4\" style=\"padding-right: 5px\">               <div class=\"kksr-icon\" style=\"width: 24px; height: 24px;\"><\/div>         <\/div>             <div class=\"kksr-star\" data-star=\"5\" style=\"padding-right: 5px\">               <div class=\"kksr-icon\" style=\"width: 24px; height: 24px;\"><\/div>         <\/div>     <\/div>      <div class=\"kksr-stars-active\" style=\"width: 130.9px;\">             <div class=\"kksr-star\" style=\"padding-right: 5px\">               <div class=\"kksr-icon\" style=\"width: 24px; height: 24px;\"><\/div>         <\/div>             <div class=\"kksr-star\" style=\"padding-right: 5px\">               <div class=\"kksr-icon\" style=\"width: 24px; height: 24px;\"><\/div>         <\/div>             <div class=\"kksr-star\" style=\"padding-right: 5px\">               <div class=\"kksr-icon\" style=\"width: 24px; height: 24px;\"><\/div>         <\/div>             <div class=\"kksr-star\" style=\"padding-right: 5px\">               <div class=\"kksr-icon\" style=\"width: 24px; height: 24px;\"><\/div>         <\/div>             <div class=\"kksr-star\" style=\"padding-right: 5px\">               <div class=\"kksr-icon\" style=\"width: 24px; height: 24px;\"><\/div>         <\/div>     <\/div> <\/div>                   <div class=\"kksr-legend\" style=\"font-size: 19.2px;\">             4.6\/5 - (14 oy)    <\/div>     <\/div>  <p class=\"wp-block-paragraph\">At\u0131k kuma\u015f geri d\u00f6n\u00fc\u015f\u00fcm\u00fcn\u00fcn dinamik manzaras\u0131nda, kar\u015f\u0131lanabilirlik ve performans sorunu genellikle merkeze girer. K\u00fc\u00e7\u00fck bir at\u0131k kuma\u015f kesme makinesi d\u00fc\u015f\u00fcnenler, fiyat aral\u0131\u011f\u0131nda gezinen, makinenin yeteneklerini anlamak ve sa\u011flam bir yat\u0131r\u0131m sa\u011flamak kritik \u00f6neme sahip olanlar i\u00e7in. Bu makalede, Shuliy'nin tekliflerine odaklanarak k\u00fc\u00e7\u00fck at\u0131k bez kesme makinesi pazar\u0131n\u0131n karma\u015f\u0131kl\u0131klar\u0131n\u0131 ara\u015ft\u0131r\u0131yoruz.<\/p>    <figure class=\"wp-block-image aligncenter size-full\"><img fetchpriority=\"high\" decoding=\"async\" width=\"720\" height=\"540\" src=\"https:\/\/fiberrecycling.com\/wp-content\/uploads\/2023\/12\/textile-waste-cutting-machine-applications.webp\" alt=\"tekstil at\u0131k kesme makinas\u0131 uygulamalar\u0131\" class=\"wp-image-1254\" srcset=\"https:\/\/fiberrecycling.com\/wp-content\/uploads\/2023\/12\/textile-waste-cutting-machine-applications.webp 720w, https:\/\/fiberrecycling.com\/wp-content\/uploads\/2023\/12\/textile-waste-cutting-machine-applications-300x225.webp 300w\" sizes=\"(max-width: 720px) 100vw, 720px\" \/><figcaption class=\"wp-element-caption\">tekstil at\u0131k kesme makinas\u0131 uygulamalar\u0131<\/figcaption><\/figure>    <h2 class=\"wp-block-heading\">At\u0131k Kuma\u015f Kesim Makinesi Fiyat Aral\u0131\u011f\u0131n\u0131 Anlamak<\/h2>    <p class=\"wp-block-paragraph translation-block\"><strong><a href=\"https:\/\/fiberrecycling.com\/tr\/textile-fiber-cutting-machine\/\" data-type=\"link\" data-id=\"https:\/\/fiberrecycling.com\/tr\/textile-fiber-cutting-machine\/\">K\u00fc\u00e7\u00fck at\u0131k kuma\u015f kesme makinelerinin<\/a><\/strong> fiyat\u0131 model, \u00f6zellikler ve konfig\u00fcrasyonlar gibi fakt\u00f6rlere ba\u011fl\u0131 olarak de\u011fi\u015fiklik g\u00f6sterir. Genel olarak, makineleri 3.500 ila 20.000 $ aral\u0131\u011f\u0131nda bulabilirsiniz. Bu esneklik, i\u015fletmelerin hem b\u00fct\u00e7elerine hem de operasyonel ihtiya\u00e7lar\u0131na uygun bir makine se\u00e7melerine olanak tan\u0131r. <\/p>    <p class=\"wp-block-paragraph\">Shuliy Fabrikas\u0131 her zaman ger\u00e7eklerden ger\u00e7e\u011fi arama ilkesine ba\u011fl\u0131 kalm\u0131\u015ft\u0131r ve makinelerin fiyatlar\u0131n\u0131 asla keyfi olarak art\u0131rmayacakt\u0131r. M\u00fc\u015fteri ihtiya\u00e7lar\u0131ndan ba\u015flamakta \u0131srar ediyoruz ve m\u00fc\u015fterilere en uygun maliyetli \u00e7\u00f6z\u00fcmleri sunmaya \u00e7al\u0131\u015f\u0131yoruz.<\/p>    <h2 class=\"wp-block-heading\">Shuliy\u2019nin At\u0131k Bez Kesme Makinesi Performans\u0131<\/h2>    <p class=\"wp-block-paragraph\">Shuliy\u2019nin geri d\u00f6n\u00fc\u015f\u00fcm makineleri alan\u0131ndaki itibar\u0131, at\u0131k bez kesme makinelerinin performans\u0131yla vurgulanmaktad\u0131r. Bu makineler, at\u0131k bezi y\u00f6netilebilir par\u00e7alar halinde verimli bir \u015fekilde i\u015flemek ve kesmek i\u00e7in tasarlanm\u0131\u015ft\u0131r. <\/p>    <p class=\"wp-block-paragraph\">Kesme hassasiyeti ve h\u0131z, \u00fcretkenli\u011fin artmas\u0131na katk\u0131da bulunarak Shuliy\u2019nin makinelerini hem kalite hem de verimlilik arayan i\u015fletmeler i\u00e7in g\u00fcvenilir bir se\u00e7im haline getiriyor.<\/p>    <figure class=\"wp-block-image aligncenter size-full\"><img decoding=\"async\" width=\"720\" height=\"540\" src=\"https:\/\/fiberrecycling.com\/wp-content\/uploads\/2023\/03\/cutting-effect-of-used-cloth-cutting-machine.webp\" alt=\"kullan\u0131lm\u0131\u015f kuma\u015f kesme makinesinin kesme etkisi\" class=\"wp-image-1154\"\/><figcaption class=\"wp-element-caption\">kullan\u0131lm\u0131\u015f kuma\u015f kesme makinesinin kesme etkisi<\/figcaption><\/figure>    <h2 class=\"wp-block-heading\">Kuma\u015f At\u0131\u011f\u0131 Kesme Makinesi Sat\u0131n Alma ve Servis \u0130pu\u00e7lar\u0131<\/h2>    <p class=\"wp-block-paragraph\">Ticari at\u0131k kuma\u015f kesme makinesi pazar\u0131na girme giri\u015fiminde bulunan i\u015fletmeler i\u00e7in, birka\u00e7 husus ak\u0131ll\u0131 bir sat\u0131n alma i\u015flemine rehberlik edebilir:<\/p>    <ul class=\"wp-block-list\"> <li>Do\u011fru modeli se\u00e7me: Operasyonel gereksinimlerinizi de\u011ferlendirin ve i\u015flem hacminizi ve kesme hassasiyeti ihtiya\u00e7lar\u0131n\u0131z\u0131 kar\u015f\u0131layan bir model se\u00e7in.<\/li>    <li>Yap\u0131land\u0131rmalar \u00f6nemlidir: Farkl\u0131 yap\u0131land\u0131rmalar fiyat\u0131 etkileyebilir. Yap\u0131land\u0131rmalar\u0131 anlay\u0131n ve i\u015f hedeflerinize uygun \u00f6zellikleri tercih edin.<\/li>    <li>Sat\u0131\u015f sonras\u0131 destek: Kapsaml\u0131 sat\u0131\u015f sonras\u0131 hizmet sunan tedarik\u00e7ilere \u00f6ncelik verin. Bu, makinenin uzun \u00f6m\u00fcrl\u00fcl\u00fc\u011f\u00fcne katk\u0131da bulunarak zaman\u0131nda yard\u0131m ve bak\u0131m deste\u011fi sa\u011flar.<\/li> <\/ul>    <figure class=\"wp-block-image aligncenter size-full\"><img decoding=\"async\" width=\"720\" height=\"540\" src=\"https:\/\/fiberrecycling.com\/wp-content\/uploads\/2023\/12\/Shuliy-waste-cloth-cutter-machine.webp\" alt=\"Shuliy at\u0131k kuma\u015f kesme makinesi\" class=\"wp-image-1255\" srcset=\"https:\/\/fiberrecycling.com\/wp-content\/uploads\/2023\/12\/Shuliy-waste-cloth-cutter-machine.webp 720w, https:\/\/fiberrecycling.com\/wp-content\/uploads\/2023\/12\/Shuliy-waste-cloth-cutter-machine-300x225.webp 300w\" sizes=\"(max-width: 720px) 100vw, 720px\" \/><figcaption class=\"wp-element-caption\">Shuliy at\u0131k kuma\u015f kesme makinesi<\/figcaption><\/figure>    <h2 class=\"wp-block-heading\">Kullan\u0131c\u0131 \u0130ncelemeleri ve Shuliy\u2019nin Global Varl\u0131\u011f\u0131<\/h2>    <p class=\"wp-block-paragraph\">Kullan\u0131c\u0131 incelemeleri, at\u0131k kuma\u015f kesme makinelerinin ger\u00e7ek d\u00fcnya performans\u0131n\u0131 \u00f6l\u00e7mede paha bi\u00e7ilmezdir. Olumlu geri bildirim genellikle makinenin g\u00fcvenilirli\u011fini, dayan\u0131kl\u0131l\u0131\u011f\u0131n\u0131 ve aerodinamik at\u0131k y\u00f6netimine katk\u0131s\u0131n\u0131 vurgular.<\/p>    <p class=\"wp-block-paragraph\">Shuliy\u2019nin at\u0131k kuma\u015f kesme makineleri sadece yerel olarak de\u011fil, uluslararas\u0131 olarak \u00f6vg\u00fc ald\u0131. Hindistan, Singapur, ABD, Kanada, Avustralya, Brezilya, Suudi Arabistan, G\u00fcney Afrika, Somali, M\u0131s\u0131r, S\u0131rbistan gibi \u00fclkelere sa\u011flam bir ihracat rekoru ile Shuliy\u2019nin makineleri k\u00fcresel \u00f6l\u00e7ekte b\u00fcy\u00fckl\u00fc\u011f\u00fcn\u00fc kan\u0131tlad\u0131.<\/p>    <figure class=\"wp-block-image aligncenter size-full\"><img loading=\"lazy\" decoding=\"async\" width=\"720\" height=\"540\" src=\"https:\/\/fiberrecycling.com\/wp-content\/uploads\/2023\/12\/cloth-cutting-machine-delivery.webp\" alt=\"kuma\u015f kesme makinas\u0131 teslimat\u0131\" class=\"wp-image-1256\" srcset=\"https:\/\/fiberrecycling.com\/wp-content\/uploads\/2023\/12\/cloth-cutting-machine-delivery.webp 720w, https:\/\/fiberrecycling.com\/wp-content\/uploads\/2023\/12\/cloth-cutting-machine-delivery-300x225.webp 300w\" sizes=\"(max-width: 720px) 100vw, 720px\" \/><figcaption class=\"wp-element-caption\">kuma\u015f kesme makinas\u0131 teslimat\u0131<\/figcaption><\/figure>    <h2 class=\"wp-block-heading\">Sonu\u00e7: At\u0131k Kuma\u015f Kesim Makinelerine Ak\u0131ll\u0131ca Yat\u0131r\u0131m Yapmak<\/h2>    <p class=\"wp-block-paragraph translation-block\">At\u0131k kuma\u015f kesici makineler alan\u0131nda, Shuliy sadece rekabet\u00e7i fiyatlar\u0131yla de\u011fil, ayn\u0131 zamanda makinelerinde yerle\u015fik olan performans ve g\u00fcvenilirlik ile de \u00f6ne \u00e7\u0131k\u0131yor. K\u00fc\u00e7\u00fck bir <strong><a href=\"https:\/\/fiberrecycling.com\/tr\/textile-fiber-cutting-machine\/\" data-type=\"link\" data-id=\"https:\/\/fiberrecycling.com\/textile-fiber-cutting-machine\/\">kuma\u015f kesme makinesi<\/a><\/strong> d\u00fc\u015f\u00fcn\u00fcl\u00fcrken, sadece fiyat etiketine bakmakla kal\u0131nmaz; i\u015finizin hedefleriyle uyumlu ve s\u00fcrd\u00fcr\u00fclebilir at\u0131k y\u00f6netimi uygulamalar\u0131na katk\u0131da bulunan bir yat\u0131r\u0131m yapmakla ilgilidir.<\/p>    <p class=\"wp-block-paragraph\">Shuliy, bu yolculu\u011fa \u00e7\u0131kanlar i\u00e7in yaln\u0131zca makineler sunmakla kalm\u0131yor, ayn\u0131 zamanda daha verimli ve s\u00fcrd\u00fcr\u00fclebilir bir at\u0131k y\u00f6netimi gelece\u011fine y\u00f6nelik devam eden bir ortakl\u0131k da sunuyor.<\/p>    <p class=\"wp-block-paragraph\">At\u0131k geri d\u00f6n\u00fc\u015f\u00fcm giri\u015fimleriniz \u00fczerinde anlaml\u0131 bir etki yaratmak i\u00e7in bug\u00fcn Shuliy'den bir at\u0131k kuma\u015f par\u00e7alay\u0131c\u0131 makinesi hakk\u0131nda bilgi al\u0131n. Uygun fiyatl\u0131, g\u00fcvenilir ve k\u00fcresel olarak tan\u0131nan - bu, at\u0131k kuma\u015f kesme \u00e7\u00f6z\u00fcmlerindeki Shuliy avantaj\u0131d\u0131r.<\/p>","protected":false},"excerpt":{"rendered":"<p>In the dynamic landscape of waste cloth recycling, the question of affordability and performance often takes center stage. For those considering a small waste cloth cutting machine, navigating the price range, understanding the machine&#8217;s capabilities, and ensuring a sound investment is critical. In this article, we delve into the intricacies of the small waste cloth [&hellip;]<\/p>\n","protected":false},"author":1,"featured_media":1253,"comment_status":"open","ping_status":"open","sticky":false,"template":"","format":"standard","meta":{"_crdt_document":"","footnotes":""},"categories":[1],"tags":[54],"class_list":["post-1252","post","type-post","status-publish","format-standard","has-post-thumbnail","hentry","category-news","tag-textile-recycling"],"_links":{"self":[{"href":"https:\/\/fiberrecycling.com\/tr\/wp-json\/wp\/v2\/posts\/1252","targetHints":{"allow":["GET"]}}],"collection":[{"href":"https:\/\/fiberrecycling.com\/tr\/wp-json\/wp\/v2\/posts"}],"about":[{"href":"https:\/\/fiberrecycling.com\/tr\/wp-json\/wp\/v2\/types\/post"}],"author":[{"embeddable":true,"href":"https:\/\/fiberrecycling.com\/tr\/wp-json\/wp\/v2\/users\/1"}],"replies":[{"embeddable":true,"href":"https:\/\/fiberrecycling.com\/tr\/wp-json\/wp\/v2\/comments?post=1252"}],"version-history":[{"count":0,"href":"https:\/\/fiberrecycling.com\/tr\/wp-json\/wp\/v2\/posts\/1252\/revisions"}],"wp:featuredmedia":[{"embeddable":true,"href":"https:\/\/fiberrecycling.com\/tr\/wp-json\/wp\/v2\/media\/1253"}],"wp:attachment":[{"href":"https:\/\/fiberrecycling.com\/tr\/wp-json\/wp\/v2\/media?parent=1252"}],"wp:term":[{"taxonomy":"category","embeddable":true,"href":"https:\/\/fiberrecycling.com\/tr\/wp-json\/wp\/v2\/categories?post=1252"},{"taxonomy":"post_tag","embeddable":true,"href":"https:\/\/fiberrecycling.com\/tr\/wp-json\/wp\/v2\/tags?post=1252"}],"curies":[{"name":"wp","href":"https:\/\/api.w.org\/{rel}","templated":true}]}}