{"id":1314,"date":"2024-04-29T17:20:56","date_gmt":"2024-04-29T09:20:56","guid":{"rendered":"https:\/\/fiberrecycling.com\/?p=1314"},"modified":"2024-12-25T17:52:37","modified_gmt":"2024-12-25T09:52:37","slug":"60t-vertical-cardboard-baler-shipped-for-chile","status":"publish","type":"post","link":"https:\/\/fiberrecycling.com\/tr\/60t-vertical-cardboard-baler-shipped-for-chile\/","title":{"rendered":"60T Dikey Karton Balya Makinesi \u015eili'ye Sevk Edildi"},"content":{"rendered":"<div class=\"kk-star-ratings kksr-auto kksr-align-left kksr-valign-top\"     data-payload='{&quot;align&quot;:&quot;left&quot;,&quot;id&quot;:&quot;1314&quot;,&quot;slug&quot;:&quot;default&quot;,&quot;valign&quot;:&quot;top&quot;,&quot;ignore&quot;:&quot;&quot;,&quot;reference&quot;:&quot;auto&quot;,&quot;class&quot;:&quot;&quot;,&quot;count&quot;:&quot;11&quot;,&quot;legendonly&quot;:&quot;&quot;,&quot;readonly&quot;:&quot;&quot;,&quot;score&quot;:&quot;4.3&quot;,&quot;starsonly&quot;:&quot;&quot;,&quot;best&quot;:&quot;5&quot;,&quot;gap&quot;:&quot;5&quot;,&quot;greet&quot;:&quot;Rate this post&quot;,&quot;legend&quot;:&quot;4.3\\\/5 - (11 votes)&quot;,&quot;size&quot;:&quot;24&quot;,&quot;title&quot;:&quot;60T Vertical Cardboard Baler Shipped for Chile&quot;,&quot;width&quot;:&quot;122.2&quot;,&quot;_legend&quot;:&quot;{score}\\\/{best} - ({count} {votes})&quot;,&quot;font_factor&quot;:&quot;1.25&quot;}'>              <div class=\"kksr-stars\">      <div class=\"kksr-stars-inactive\">             <div class=\"kksr-star\" data-star=\"1\" style=\"padding-right: 5px\">               <div class=\"kksr-icon\" style=\"width: 24px; height: 24px;\"><\/div>         <\/div>             <div class=\"kksr-star\" data-star=\"2\" style=\"padding-right: 5px\">               <div class=\"kksr-icon\" style=\"width: 24px; height: 24px;\"><\/div>         <\/div>             <div class=\"kksr-star\" data-star=\"3\" style=\"padding-right: 5px\">               <div class=\"kksr-icon\" style=\"width: 24px; height: 24px;\"><\/div>         <\/div>             <div class=\"kksr-star\" data-star=\"4\" style=\"padding-right: 5px\">               <div class=\"kksr-icon\" style=\"width: 24px; height: 24px;\"><\/div>         <\/div>             <div class=\"kksr-star\" data-star=\"5\" style=\"padding-right: 5px\">               <div class=\"kksr-icon\" style=\"width: 24px; height: 24px;\"><\/div>         <\/div>     <\/div>      <div class=\"kksr-stars-active\" style=\"width: 122.2px;\">             <div class=\"kksr-star\" style=\"padding-right: 5px\">               <div class=\"kksr-icon\" style=\"width: 24px; height: 24px;\"><\/div>         <\/div>             <div class=\"kksr-star\" style=\"padding-right: 5px\">               <div class=\"kksr-icon\" style=\"width: 24px; height: 24px;\"><\/div>         <\/div>             <div class=\"kksr-star\" style=\"padding-right: 5px\">               <div class=\"kksr-icon\" style=\"width: 24px; height: 24px;\"><\/div>         <\/div>             <div class=\"kksr-star\" style=\"padding-right: 5px\">               <div class=\"kksr-icon\" style=\"width: 24px; height: 24px;\"><\/div>         <\/div>             <div class=\"kksr-star\" style=\"padding-right: 5px\">               <div class=\"kksr-icon\" style=\"width: 24px; height: 24px;\"><\/div>         <\/div>     <\/div> <\/div>                   <div class=\"kksr-legend\" style=\"font-size: 19.2px;\">             4.3\/5 - (11 oy)    <\/div>     <\/div>  <p class=\"wp-block-paragraph\">\u015eili'de k\u00f6kl\u00fc, orta \u00f6l\u00e7ekli bir hurda geri d\u00f6n\u00fc\u015f\u00fcm tesisi, i\u015fini acilen geni\u015fletme ihtiyac\u0131yla kar\u015f\u0131 kar\u015f\u0131yad\u0131r. Karton, giysi ve metal hurdalar\u0131n\u0131 i\u015fleyen tesiste, \u00fc\u00e7 y\u0131l\u0131 a\u015fk\u0131n s\u00fcredir istikrarl\u0131 bir \u015fekilde \u00e7al\u0131\u015fan \u00fc\u00e7 hidrolik balya makinesi bulunuyor. Artan geri d\u00f6n\u00fc\u015f\u00fcm hacmiyle birlikte, \u00f6zellikle b\u00fcy\u00fck miktarlarda karton kutular\u0131n etkili bir \u015fekilde s\u0131k\u0131\u015ft\u0131r\u0131larak balyalanmas\u0131 i\u00e7in yeni bir hidrolik balya makinesinin piyasaya s\u00fcr\u00fclmesi acil bir ihtiya\u00e7 haline geldi.<\/p>    <figure class=\"wp-block-image aligncenter size-full\"><img fetchpriority=\"high\" decoding=\"async\" width=\"720\" height=\"540\" src=\"https:\/\/fiberrecycling.com\/wp-content\/uploads\/2024\/04\/Shuliys-hydraulic-balers.webp\" alt=\"Shuliy&#039;nin hidrolik balya makineleri\" class=\"wp-image-1316\" srcset=\"https:\/\/fiberrecycling.com\/wp-content\/uploads\/2024\/04\/Shuliys-hydraulic-balers.webp 720w, https:\/\/fiberrecycling.com\/wp-content\/uploads\/2024\/04\/Shuliys-hydraulic-balers-300x225.webp 300w, https:\/\/fiberrecycling.com\/wp-content\/uploads\/2024\/04\/Shuliys-hydraulic-balers-16x12.webp 16w\" sizes=\"(max-width: 720px) 100vw, 720px\" \/><figcaption class=\"wp-element-caption\">Shuliy\u2019nin Hidrolik Dengeleri<\/figcaption><\/figure>    <h2 class=\"wp-block-heading\">60 tonluk dikey karton balyalama makinesi \u00f6nerildi<\/h2>    <p class=\"wp-block-paragraph translation-block\">Bu talep kar\u015f\u0131s\u0131nda, Shuliy tesisinin sat\u0131\u015f dan\u0131\u015fman\u0131 h\u0131zl\u0131 bir \u015fekilde yan\u0131t vererek, karton t\u00fcr\u00fcne ve m\u00fc\u015fterinin i\u015fledi\u011fi g\u00fcnl\u00fck ortalama at\u0131k ka\u011f\u0131t hacmine g\u00f6re 60 tona kadar bas\u0131nca sahip <strong><a href=\"https:\/\/fiberrecycling.com\/tr\/vertical-hydraulic-baler\/\" data-type=\"link\" data-id=\"https:\/\/fiberrecycling.com\/vertical-hydraulic-baler\/\">dikey karton balya presini<\/a><\/strong> \u00f6nerdi. G\u00fc\u00e7l\u00fc s\u0131k\u0131\u015ft\u0131rma kapasitesi ve y\u00fcksek i\u015fletme verimlili\u011fi ile bu makine m\u00fc\u015fterinin mevcut sorununu \u00e7\u00f6zmek i\u00e7in ideal se\u00e7imdi.<\/p>    <figure class=\"wp-block-image aligncenter size-full\"><img decoding=\"async\" width=\"720\" height=\"540\" src=\"https:\/\/fiberrecycling.com\/wp-content\/uploads\/2024\/04\/60t-vertical-baler-machine.webp\" alt=\"60t dikey balya makinesi\" class=\"wp-image-1317\" srcset=\"https:\/\/fiberrecycling.com\/wp-content\/uploads\/2024\/04\/60t-vertical-baler-machine.webp 720w, https:\/\/fiberrecycling.com\/wp-content\/uploads\/2024\/04\/60t-vertical-baler-machine-300x225.webp 300w, https:\/\/fiberrecycling.com\/wp-content\/uploads\/2024\/04\/60t-vertical-baler-machine-16x12.webp 16w\" sizes=\"(max-width: 720px) 100vw, 720px\" \/><figcaption class=\"wp-element-caption\">60t dikey balya makinesi<\/figcaption><\/figure>    <h2 class=\"wp-block-heading\">Shuliy\u2019nin dikey balya fiyat\u0131 neden daha y\u00fcksek?<\/h2>    <p class=\"wp-block-paragraph\">Ancak, al\u0131nt\u0131 ald\u0131ktan sonra, m\u00fc\u015fteri fiyat\u0131n biraz y\u00fcksek oldu\u011funu s\u00f6yledi ve indirim i\u00e7in bir oda olup olmad\u0131\u011f\u0131n\u0131 sordu. M\u00fc\u015fterinin sorular\u0131na yan\u0131t olarak, Shuliy fabrikas\u0131, dikey karton balya makinesi makinesinin fiyatland\u0131rmas\u0131n\u0131n arkas\u0131ndaki mant\u0131\u011f\u0131 sab\u0131rla a\u00e7\u0131klad\u0131: se\u00e7ti\u011fimiz \u00e7eli\u011fin kal\u0131nl\u0131\u011f\u0131, daha y\u00fcksek maliyete do\u011frudan katk\u0131da bulunan end\u00fcstri ortalamas\u0131n\u0131 a\u015f\u0131yor, ancak ayn\u0131 zamanda makinenin yap\u0131s\u0131n\u0131n daha g\u00fc\u00e7l\u00fc oldu\u011fu ve hizmet \u00f6mr\u00fcn\u00fcn \u00e7ok daha uzun oldu\u011fu anlam\u0131na geliyor.<\/p>    <p class=\"wp-block-paragraph\">Uzun vadede bu, m\u00fc\u015fteriyi bir\u00e7ok bak\u0131m ve de\u011fi\u015ftirme masraf\u0131ndan kurtar\u0131r. Bunu g\u00f6z \u00f6n\u00fcnde bulundurarak teklifi do\u011frudan azaltmad\u0131k, ancak samimiyetimizi g\u00f6stermek i\u00e7in bir parti orijinal yedek par\u00e7a vermeye karar verdik.<\/p>    <figure class=\"wp-block-image aligncenter size-full\"><img decoding=\"async\" width=\"720\" height=\"540\" src=\"https:\/\/fiberrecycling.com\/wp-content\/uploads\/2024\/04\/baler-machines-in-stock.webp\" alt=\"balya makineleri stoklar\u0131m\u0131zda\" class=\"wp-image-1318\" srcset=\"https:\/\/fiberrecycling.com\/wp-content\/uploads\/2024\/04\/baler-machines-in-stock.webp 720w, https:\/\/fiberrecycling.com\/wp-content\/uploads\/2024\/04\/baler-machines-in-stock-300x225.webp 300w, https:\/\/fiberrecycling.com\/wp-content\/uploads\/2024\/04\/baler-machines-in-stock-16x12.webp 16w\" sizes=\"(max-width: 720px) 100vw, 720px\" \/><figcaption class=\"wp-element-caption\">balya makineleri stoklar\u0131m\u0131zda<\/figcaption><\/figure>    <h2 class=\"wp-block-heading\">Sipari\u015f verme ve depozito \u00f6demesi<\/h2>    <p class=\"wp-block-paragraph\">Derinlemesine ileti\u015fimden sonra, m\u00fc\u015fteri Shuliy Factory\u2019nin \u00fcr\u00fcn kalitesi ve uzun vadeli faydalara odaklanma konseptini kabul etti ve kahramanlar\u0131 fiyatla yarg\u0131lamaya karar verdi, aksine ekipman ve takip hizmetlerinin maliyet etkinli\u011fi. Bu nedenle, m\u00fc\u015fteri Shuliy markas\u0131na ve \u00fcr\u00fcnlerine tam g\u00fcven duyarak depozitoyu h\u0131zla \u00f6dedi.<\/p>    <p class=\"wp-block-paragraph\">\u015eu anda her iki taraf\u0131n da g\u00fcvenini ve beklentilerini ta\u015f\u0131yan 60 tonluk dikey karton balya makinesi ba\u015far\u0131yla gemiye y\u00fcklendi ve okyanusu ge\u00e7erek \u015eili'ye do\u011fru yola \u00e7\u0131k\u0131yor. Bu sadece basit bir ekipman ihracat\u0131 de\u011fil, ayn\u0131 zamanda Shuliy fabrikas\u0131n\u0131n d\u00f6ng\u00fcsel ekonominin geli\u015fimini desteklemek i\u00e7in deniza\u015f\u0131r\u0131 m\u00fc\u015fterilerle el ele \u00e7al\u0131\u015fmas\u0131n\u0131n bir ba\u015fka \u00f6rne\u011fi.<\/p>    <figure class=\"wp-block-image aligncenter size-full\"><img loading=\"lazy\" decoding=\"async\" width=\"720\" height=\"540\" src=\"https:\/\/fiberrecycling.com\/wp-content\/uploads\/2024\/04\/vertical-cardboard-baler-packing.webp\" alt=\"dikey karton balya makinesi ambalaj\u0131\" class=\"wp-image-1319\" srcset=\"https:\/\/fiberrecycling.com\/wp-content\/uploads\/2024\/04\/vertical-cardboard-baler-packing.webp 720w, https:\/\/fiberrecycling.com\/wp-content\/uploads\/2024\/04\/vertical-cardboard-baler-packing-300x225.webp 300w, https:\/\/fiberrecycling.com\/wp-content\/uploads\/2024\/04\/vertical-cardboard-baler-packing-16x12.webp 16w\" sizes=\"(max-width: 720px) 100vw, 720px\" \/><figcaption class=\"wp-element-caption\">dikey karton balya makinesi ambalaj\u0131<\/figcaption><\/figure>","protected":false},"excerpt":{"rendered":"<p>In Chile, a well-established medium-sized scrap recycling plant is facing an urgent need to expand its business. The plant, which handles cardboard, clothing, and metal scrap, has had three hydraulic balers in stable operation for more than three years. With the increasing volume of recycling, there was an urgent need to introduce a new hydraulic [&hellip;]<\/p>\n","protected":false},"author":1,"featured_media":1315,"comment_status":"open","ping_status":"closed","sticky":false,"template":"","format":"standard","meta":{"_crdt_document":"","footnotes":""},"categories":[1],"tags":[23],"class_list":["post-1314","post","type-post","status-publish","format-standard","has-post-thumbnail","hentry","category-news","tag-baler"],"_links":{"self":[{"href":"https:\/\/fiberrecycling.com\/tr\/wp-json\/wp\/v2\/posts\/1314","targetHints":{"allow":["GET"]}}],"collection":[{"href":"https:\/\/fiberrecycling.com\/tr\/wp-json\/wp\/v2\/posts"}],"about":[{"href":"https:\/\/fiberrecycling.com\/tr\/wp-json\/wp\/v2\/types\/post"}],"author":[{"embeddable":true,"href":"https:\/\/fiberrecycling.com\/tr\/wp-json\/wp\/v2\/users\/1"}],"replies":[{"embeddable":true,"href":"https:\/\/fiberrecycling.com\/tr\/wp-json\/wp\/v2\/comments?post=1314"}],"version-history":[{"count":0,"href":"https:\/\/fiberrecycling.com\/tr\/wp-json\/wp\/v2\/posts\/1314\/revisions"}],"wp:featuredmedia":[{"embeddable":true,"href":"https:\/\/fiberrecycling.com\/tr\/wp-json\/wp\/v2\/media\/1315"}],"wp:attachment":[{"href":"https:\/\/fiberrecycling.com\/tr\/wp-json\/wp\/v2\/media?parent=1314"}],"wp:term":[{"taxonomy":"category","embeddable":true,"href":"https:\/\/fiberrecycling.com\/tr\/wp-json\/wp\/v2\/categories?post=1314"},{"taxonomy":"post_tag","embeddable":true,"href":"https:\/\/fiberrecycling.com\/tr\/wp-json\/wp\/v2\/tags?post=1314"}],"curies":[{"name":"wp","href":"https:\/\/api.w.org\/{rel}","templated":true}]}}