{"id":1465,"date":"2026-01-29T15:53:16","date_gmt":"2026-01-29T07:53:16","guid":{"rendered":"https:\/\/fiberrecycling.com\/?p=1465"},"modified":"2026-01-29T15:53:59","modified_gmt":"2026-01-29T07:53:59","slug":"hydraulic-cardboard-baler-for-algeria","status":"publish","type":"post","link":"https:\/\/fiberrecycling.com\/tr\/hydraulic-cardboard-baler-for-algeria\/","title":{"rendered":"Cezayir'e g\u00f6nderilen 30 tonluk hidrolik karton presi"},"content":{"rendered":"<div class=\"kk-star-ratings kksr-auto kksr-align-left kksr-valign-top\"     data-payload='{&quot;align&quot;:&quot;left&quot;,&quot;id&quot;:&quot;1465&quot;,&quot;slug&quot;:&quot;default&quot;,&quot;valign&quot;:&quot;top&quot;,&quot;ignore&quot;:&quot;&quot;,&quot;reference&quot;:&quot;auto&quot;,&quot;class&quot;:&quot;&quot;,&quot;count&quot;:&quot;52&quot;,&quot;legendonly&quot;:&quot;&quot;,&quot;readonly&quot;:&quot;&quot;,&quot;score&quot;:&quot;4.6&quot;,&quot;starsonly&quot;:&quot;&quot;,&quot;best&quot;:&quot;5&quot;,&quot;gap&quot;:&quot;5&quot;,&quot;greet&quot;:&quot;Rate this post&quot;,&quot;legend&quot;:&quot;4.6\\\/5 - (52 votes)&quot;,&quot;size&quot;:&quot;24&quot;,&quot;title&quot;:&quot;30 tons hydraulic cardboard baler shiped to Algeria&quot;,&quot;width&quot;:&quot;130.9&quot;,&quot;_legend&quot;:&quot;{score}\\\/{best} - ({count} {votes})&quot;,&quot;font_factor&quot;:&quot;1.25&quot;}'>              <div class=\"kksr-stars\">      <div class=\"kksr-stars-inactive\">             <div class=\"kksr-star\" data-star=\"1\" style=\"padding-right: 5px\">               <div class=\"kksr-icon\" style=\"width: 24px; height: 24px;\"><\/div>         <\/div>             <div class=\"kksr-star\" data-star=\"2\" style=\"padding-right: 5px\">               <div class=\"kksr-icon\" style=\"width: 24px; height: 24px;\"><\/div>         <\/div>             <div class=\"kksr-star\" data-star=\"3\" style=\"padding-right: 5px\">               <div class=\"kksr-icon\" style=\"width: 24px; height: 24px;\"><\/div>         <\/div>             <div class=\"kksr-star\" data-star=\"4\" style=\"padding-right: 5px\">               <div class=\"kksr-icon\" style=\"width: 24px; height: 24px;\"><\/div>         <\/div>             <div class=\"kksr-star\" data-star=\"5\" style=\"padding-right: 5px\">               <div class=\"kksr-icon\" style=\"width: 24px; height: 24px;\"><\/div>         <\/div>     <\/div>      <div class=\"kksr-stars-active\" style=\"width: 130.9px;\">             <div class=\"kksr-star\" style=\"padding-right: 5px\">               <div class=\"kksr-icon\" style=\"width: 24px; height: 24px;\"><\/div>         <\/div>             <div class=\"kksr-star\" style=\"padding-right: 5px\">               <div class=\"kksr-icon\" style=\"width: 24px; height: 24px;\"><\/div>         <\/div>             <div class=\"kksr-star\" style=\"padding-right: 5px\">               <div class=\"kksr-icon\" style=\"width: 24px; height: 24px;\"><\/div>         <\/div>             <div class=\"kksr-star\" style=\"padding-right: 5px\">               <div class=\"kksr-icon\" style=\"width: 24px; height: 24px;\"><\/div>         <\/div>             <div class=\"kksr-star\" style=\"padding-right: 5px\">               <div class=\"kksr-icon\" style=\"width: 24px; height: 24px;\"><\/div>         <\/div>     <\/div> <\/div>                   <div class=\"kksr-legend\" style=\"font-size: 19.2px;\">             4.6\/5 - (52 oy)    <\/div>     <\/div>  <p class=\"wp-block-paragraph\">Hidrolik paketleme ekipman\u0131 alan\u0131nda profesyonel bir \u00fcretici olarak, Shuliy Fabrikas\u0131 yak\u0131n zamanda Cezayirli son m\u00fc\u015fteriye 30 tonluk bir hidrolik karton pres teslim etti ve bu, m\u00fc\u015fterinin at\u0131k karton presleme talebini m\u00fckemmel \u015fekilde \u00e7\u00f6zd\u00fc. <\/p>    <p class=\"wp-block-paragraph\">M\u00fc\u015fteri, ki\u015fisel kullan\u0131m i\u00e7in hidrolik karton pres sat\u0131n alan son kullan\u0131c\u0131d\u0131r, genellikle g\u00fcnl\u00fck operasyonlarda olu\u015fan at\u0131k kartonlar\u0131 s\u0131k\u0131\u015ft\u0131rmak ve paketlemek i\u00e7in kullan\u0131l\u0131r, b\u00f6ylece depolama alan\u0131n\u0131 azalt\u0131r ve ta\u015f\u0131ma maliyetlerini d\u00fc\u015f\u00fcr\u00fcr.<\/p>    <h2 class=\"wp-block-heading\">Hidrolik Karton Pres Tavsiyesi<\/h2>    <p class=\"wp-block-paragraph\">\u0130\u015fbirli\u011fi \u00f6ncesinde m\u00fc\u015fteri, ithalat ve ihracat i\u015fi konusunda deneyimi olmad\u0131\u011f\u0131 i\u00e7in bir arac\u0131l\u0131k kanal\u0131yla bizimle ileti\u015fime ge\u00e7ti. <\/p>    <p class=\"wp-block-paragraph translation-block\">M\u00fc\u015fterinin ger\u00e7ek at\u0131k karton i\u015fleme hacmini detayl\u0131 \u015fekilde anlad\u0131ktan sonra, teknik ekibimiz en uygun olan <strong><a href=\"https:\/\/fiberrecycling.com\/tr\/vertical-hydraulic-baler\/\" data-type=\"link\" data-id=\"https:\/\/fiberrecycling.com\/vertical-hydraulic-baler\/\">30 ton hidrolik karton pres<\/a><\/strong> \u00f6nerisinde bulundu. <\/p>    <p class=\"wp-block-paragraph\">Bu model, stabil performans ve y\u00fcksek presleme verimlili\u011fine sahiptir, bu da m\u00fc\u015fterinin g\u00fcnl\u00fck i\u015fleme ihtiya\u00e7lar\u0131n\u0131 tam anlam\u0131yla kar\u015f\u0131layabilir ve a\u015f\u0131r\u0131 kapasite nedeniyle enerji israf\u0131n\u0131 veya yetersiz kapasite nedeniyle d\u00fc\u015f\u00fck verimlili\u011fi \u00f6nler.<\/p>    <figure class=\"wp-block-image aligncenter size-full is-resized\"><img fetchpriority=\"high\" decoding=\"async\" width=\"720\" height=\"324\" src=\"https:\/\/fiberrecycling.com\/wp-content\/uploads\/2026\/01\/30-ton-hydraulic-baler-machine.webp\" alt=\"30 tonluk hidrolik pres makinesi\" class=\"wp-image-1467\" style=\"width:800px;height:auto\" srcset=\"https:\/\/fiberrecycling.com\/wp-content\/uploads\/2026\/01\/30-ton-hydraulic-baler-machine.webp 720w, https:\/\/fiberrecycling.com\/wp-content\/uploads\/2026\/01\/30-ton-hydraulic-baler-machine-300x135.webp 300w, https:\/\/fiberrecycling.com\/wp-content\/uploads\/2026\/01\/30-ton-hydraulic-baler-machine-18x8.webp 18w\" sizes=\"(max-width: 720px) 100vw, 720px\" \/><figcaption class=\"wp-element-caption\">30 tonluk hidrolik pres makinesi<\/figcaption><\/figure>    <h2 class=\"wp-block-heading\">Makine Parametreleri<\/h2>    <figure class=\"wp-block-table\"><table class=\"has-fixed-layout\"><thead><tr><th class=\"has-text-align-left\" data-align=\"left\">Parametre \u00d6\u011fesi<\/th><th class=\"has-text-align-left\" data-align=\"left\">\u015eartname<\/th><\/tr><\/thead><tbody><tr><td>Modeli<\/td><td>SL-V-30<\/td><\/tr><tr><td>Bas\u0131n\u00e7<\/td><td>30 ton<\/td><\/tr><tr><td>Gerilim<\/td><td>380V, 50Hz<\/td><\/tr><tr><td>G\u00fc\u00e7<\/td><td>11kw<\/td><\/tr><tr><td>Makine Boyutu<\/td><td>1650*850*2750mm<\/td><\/tr><tr><td>Pres Boyutu<\/td><td>600*800*1000mm<\/td><\/tr><tr><td>Ah\u015fap Kasa Boyutu<\/td><td>2710*970*1840mm<\/td><\/tr><\/tbody><\/table><\/figure>    <h2 class=\"wp-block-heading\">Cezayirli M\u00fc\u015fteri \u0130\u00e7in \u00d6zelle\u015ftirme ve Paketleme<\/h2>    <p class=\"wp-block-paragraph\">Cezayir'deki yerel elektrik besleme \u00f6zelliklerini g\u00f6z \u00f6n\u00fcnde bulundurarak, m\u00fc\u015fterinin voltaj 380V ve frekans 50Hz taleplerine g\u00f6re hidrolik karton presi \u00f6zelle\u015ftirdik, b\u00f6ylece makinenin var\u0131\u015ftan sonra yerel g\u00fc\u00e7 ortam\u0131na uygun \u015fekilde stabil ve g\u00fcvenli \u00e7al\u0131\u015fmas\u0131n\u0131 sa\u011flad\u0131k. <\/p>    <p class=\"wp-block-paragraph translation-block\">Ayr\u0131ca, \u00c7in'den Cezayir'e olan uzun mesafeli deniz ta\u015f\u0131mac\u0131l\u0131\u011f\u0131 ve ekipman\u0131n g\u00fcvenli ta\u015f\u0131nmas\u0131 ihtiyac\u0131n\u0131 g\u00f6z \u00f6n\u00fcnde bulundurarak, m\u00fc\u015fterinin talebi do\u011frultusunda y\u00fcksek standartlarda <strong>ah\u015fap \u00e7er\u00e7eve ambalaj<\/strong> kulland\u0131k, bu da ta\u015f\u0131ma s\u0131ras\u0131nda nem, titre\u015fim veya \u00e7arpma nedeniyle ekipman\u0131n zarar g\u00f6rmesini etkili \u015fekilde \u00f6nler ve uluslararas\u0131 ihracat ambalaj standartlar\u0131na tam uyum sa\u011flar.<\/p>    <figure class=\"wp-block-image aligncenter size-full\"><img decoding=\"async\" width=\"720\" height=\"540\" src=\"https:\/\/fiberrecycling.com\/wp-content\/uploads\/2026\/01\/hydraulic-cardboard-baler-for-Algeria.webp\" alt=\"Cezayir i\u00e7in hidrolik karton presi\" class=\"wp-image-1466\" srcset=\"https:\/\/fiberrecycling.com\/wp-content\/uploads\/2026\/01\/hydraulic-cardboard-baler-for-Algeria.webp 720w, https:\/\/fiberrecycling.com\/wp-content\/uploads\/2026\/01\/hydraulic-cardboard-baler-for-Algeria-300x225.webp 300w, https:\/\/fiberrecycling.com\/wp-content\/uploads\/2026\/01\/hydraulic-cardboard-baler-for-Algeria-16x12.webp 16w\" sizes=\"(max-width: 720px) 100vw, 720px\" \/><figcaption class=\"wp-element-caption\">Cezayir i\u00e7in hidrolik karton presi<\/figcaption><\/figure>    <h2 class=\"wp-block-heading\">Hidrolik Pres Makinesi M\u00fc\u015fteri Geri Bildirimi<\/h2>    <p class=\"wp-block-paragraph\">T\u00fcm i\u015fbirli\u011fi s\u00fcrecinde, ekibimiz aktif olarak m\u00fc\u015fterinin arac\u0131s\u0131 ile i\u015fbirli\u011fi yapt\u0131, detayl\u0131 \u00fcr\u00fcn parametreleri, fiyat teklifi ve g\u00fcmr\u00fckleme belgelerini sa\u011flad\u0131 ve m\u00fc\u015fterinin s\u0131n\u0131r \u00f6tesi tedarik endi\u015felerini giderdi. <\/p>    <p class=\"wp-block-paragraph\">\u015eimdiye kadar, hidrolik karton pres m\u00fc\u015fterinin fabrikas\u0131na ba\u015far\u0131yla teslim edildi ve normal kullan\u0131ma al\u0131nd\u0131. M\u00fc\u015fteri, ekipman\u0131n kalitesini ve performans\u0131n\u0131 yan\u0131 s\u0131ra profesyonel hizmetimizi y\u00fcksek takdirle kar\u015f\u0131l\u0131yor.<\/p>    <figure class=\"wp-block-image aligncenter size-full\"><img decoding=\"async\" width=\"720\" height=\"480\" src=\"https:\/\/fiberrecycling.com\/wp-content\/uploads\/2026\/01\/vertical-hydraulic-baling-machines-are-in-stock.webp\" alt=\"Dikey hidrolik pres makineleri stokta\" class=\"wp-image-1468\" srcset=\"https:\/\/fiberrecycling.com\/wp-content\/uploads\/2026\/01\/vertical-hydraulic-baling-machines-are-in-stock.webp 720w, https:\/\/fiberrecycling.com\/wp-content\/uploads\/2026\/01\/vertical-hydraulic-baling-machines-are-in-stock-300x200.webp 300w, https:\/\/fiberrecycling.com\/wp-content\/uploads\/2026\/01\/vertical-hydraulic-baling-machines-are-in-stock-18x12.webp 18w\" sizes=\"(max-width: 720px) 100vw, 720px\" \/><figcaption class=\"wp-element-caption\">Dikey hidrolik pres makineleri stokta<\/figcaption><\/figure>","protected":false},"excerpt":{"rendered":"<p>As a professional manufacturer of hydraulic packaging equipment, Shuliy Factory recently successfully delivered a 30-ton hydraulic cardboard baler to an Algerian end customer, which perfectly solved the customer\u2019s demand for waste cardboard baling. The customer is an end user who purchases the hydraulic cardboard baler for personal use, mainly used to compress and pack waste [&hellip;]<\/p>\n","protected":false},"author":1,"featured_media":1466,"comment_status":"open","ping_status":"closed","sticky":false,"template":"","format":"standard","meta":{"_crdt_document":"","footnotes":""},"categories":[1],"tags":[23],"class_list":["post-1465","post","type-post","status-publish","format-standard","has-post-thumbnail","hentry","category-news","tag-baler"],"_links":{"self":[{"href":"https:\/\/fiberrecycling.com\/tr\/wp-json\/wp\/v2\/posts\/1465","targetHints":{"allow":["GET"]}}],"collection":[{"href":"https:\/\/fiberrecycling.com\/tr\/wp-json\/wp\/v2\/posts"}],"about":[{"href":"https:\/\/fiberrecycling.com\/tr\/wp-json\/wp\/v2\/types\/post"}],"author":[{"embeddable":true,"href":"https:\/\/fiberrecycling.com\/tr\/wp-json\/wp\/v2\/users\/1"}],"replies":[{"embeddable":true,"href":"https:\/\/fiberrecycling.com\/tr\/wp-json\/wp\/v2\/comments?post=1465"}],"version-history":[{"count":1,"href":"https:\/\/fiberrecycling.com\/tr\/wp-json\/wp\/v2\/posts\/1465\/revisions"}],"predecessor-version":[{"id":1469,"href":"https:\/\/fiberrecycling.com\/tr\/wp-json\/wp\/v2\/posts\/1465\/revisions\/1469"}],"wp:featuredmedia":[{"embeddable":true,"href":"https:\/\/fiberrecycling.com\/tr\/wp-json\/wp\/v2\/media\/1466"}],"wp:attachment":[{"href":"https:\/\/fiberrecycling.com\/tr\/wp-json\/wp\/v2\/media?parent=1465"}],"wp:term":[{"taxonomy":"category","embeddable":true,"href":"https:\/\/fiberrecycling.com\/tr\/wp-json\/wp\/v2\/categories?post=1465"},{"taxonomy":"post_tag","embeddable":true,"href":"https:\/\/fiberrecycling.com\/tr\/wp-json\/wp\/v2\/tags?post=1465"}],"curies":[{"name":"wp","href":"https:\/\/api.w.org\/{rel}","templated":true}]}}