{"id":455,"date":"2021-02-02T02:18:53","date_gmt":"2021-02-02T02:18:53","guid":{"rendered":"https:\/\/fiberrecycling.com\/?p=455"},"modified":"2024-12-25T18:00:54","modified_gmt":"2024-12-25T10:00:54","slug":"can-cloth-be-recycled","status":"publish","type":"post","link":"https:\/\/fiberrecycling.com\/tr\/can-cloth-be-recycled\/","title":{"rendered":"Kuma\u015f geri d\u00f6n\u00fc\u015ft\u00fcr\u00fclebilir mi?"},"content":{"rendered":"<div class=\"kk-star-ratings kksr-auto kksr-align-left kksr-valign-top\"     data-payload='{&quot;align&quot;:&quot;left&quot;,&quot;id&quot;:&quot;455&quot;,&quot;slug&quot;:&quot;default&quot;,&quot;valign&quot;:&quot;top&quot;,&quot;ignore&quot;:&quot;&quot;,&quot;reference&quot;:&quot;auto&quot;,&quot;class&quot;:&quot;&quot;,&quot;count&quot;:&quot;25&quot;,&quot;legendonly&quot;:&quot;&quot;,&quot;readonly&quot;:&quot;&quot;,&quot;score&quot;:&quot;4.6&quot;,&quot;starsonly&quot;:&quot;&quot;,&quot;best&quot;:&quot;5&quot;,&quot;gap&quot;:&quot;5&quot;,&quot;greet&quot;:&quot;Rate this post&quot;,&quot;legend&quot;:&quot;4.6\\\/5 - (25 votes)&quot;,&quot;size&quot;:&quot;24&quot;,&quot;title&quot;:&quot;Can cloth be recycled?&quot;,&quot;width&quot;:&quot;130.9&quot;,&quot;_legend&quot;:&quot;{score}\\\/{best} - ({count} {votes})&quot;,&quot;font_factor&quot;:&quot;1.25&quot;}'>              <div class=\"kksr-stars\">      <div class=\"kksr-stars-inactive\">             <div class=\"kksr-star\" data-star=\"1\" style=\"padding-right: 5px\">               <div class=\"kksr-icon\" style=\"width: 24px; height: 24px;\"><\/div>         <\/div>             <div class=\"kksr-star\" data-star=\"2\" style=\"padding-right: 5px\">               <div class=\"kksr-icon\" style=\"width: 24px; height: 24px;\"><\/div>         <\/div>             <div class=\"kksr-star\" data-star=\"3\" style=\"padding-right: 5px\">               <div class=\"kksr-icon\" style=\"width: 24px; height: 24px;\"><\/div>         <\/div>             <div class=\"kksr-star\" data-star=\"4\" style=\"padding-right: 5px\">               <div class=\"kksr-icon\" style=\"width: 24px; height: 24px;\"><\/div>         <\/div>             <div class=\"kksr-star\" data-star=\"5\" style=\"padding-right: 5px\">               <div class=\"kksr-icon\" style=\"width: 24px; height: 24px;\"><\/div>         <\/div>     <\/div>      <div class=\"kksr-stars-active\" style=\"width: 130.9px;\">             <div class=\"kksr-star\" style=\"padding-right: 5px\">               <div class=\"kksr-icon\" style=\"width: 24px; height: 24px;\"><\/div>         <\/div>             <div class=\"kksr-star\" style=\"padding-right: 5px\">               <div class=\"kksr-icon\" style=\"width: 24px; height: 24px;\"><\/div>         <\/div>             <div class=\"kksr-star\" style=\"padding-right: 5px\">               <div class=\"kksr-icon\" style=\"width: 24px; height: 24px;\"><\/div>         <\/div>             <div class=\"kksr-star\" style=\"padding-right: 5px\">               <div class=\"kksr-icon\" style=\"width: 24px; height: 24px;\"><\/div>         <\/div>             <div class=\"kksr-star\" style=\"padding-right: 5px\">               <div class=\"kksr-icon\" style=\"width: 24px; height: 24px;\"><\/div>         <\/div>     <\/div> <\/div>                   <div class=\"kksr-legend\" style=\"font-size: 19.2px;\">             4.6\/5 - (25 oy)    <\/div>     <\/div>  <p class=\"wp-block-paragraph translation-block\"><strong>Tekstil, gezegendeki en kirletici end\u00fcstrilerden biridir.<\/strong> Kabaca tahminlere g\u00f6re, tekstil end\u00fcstrisi k\u00fcresel karbon emisyonlar\u0131n\u0131n en az 'unu ve end\u00fcstriyel su kirlili\u011finin 'sini olu\u015fturmaktad\u0131r. Ve h\u0131zl\u0131 moda, genellikle d\u00fcnyan\u0131n en \u00e7evre dostu olmayan k\u0131sm\u0131 olarak g\u00f6r\u00fclmektedir, \u015fimdi deniz ve hava yolculu\u011fundan daha fazla iklim de\u011fi\u015fikli\u011fine katk\u0131da bulunmaktad\u0131r, bu nedenle kuma\u015f geri d\u00f6n\u00fc\u015f\u00fcm\u00fc ihtiyac\u0131 b\u00fcy\u00fcmektedir.<\/p>    <h2 class=\"wp-block-heading\" id=\"h-the-spread-of-fast-fashion-has-led-to-a-rapid-increase-in-cloth-consumption\">H\u0131zl\u0131 modan\u0131n yayg\u0131nla\u015fmas\u0131 kuma\u015f t\u00fcketiminin de h\u0131zla artmas\u0131na neden oldu<\/h2>    <p class=\"wp-block-paragraph\">\u0130statistiklere g\u00f6re son 30 y\u0131lda h\u0131zl\u0131 moda giyim sekt\u00f6r\u00fcne b\u00fcy\u00fck zenginlik kazand\u0131rd\u0131. Moda end\u00fcstrisi $500 milyar i\u015f hacminden y\u0131ll\u0131k $2,4 trilyon i\u015f hacmine ula\u015ft\u0131. Bu \u015fa\u015f\u0131rt\u0131c\u0131 b\u00fcy\u00fcme oran\u0131 tam olarak d\u00fc\u015f\u00fck maliyetli moda \u00fcr\u00fcnlerinin t\u00fcketiciler taraf\u0131ndan h\u0131zla t\u00fcketilmesinden kaynaklanmaktad\u0131r.<br><\/p>    <figure class=\"wp-block-image size-large\"><img fetchpriority=\"high\" decoding=\"async\" width=\"640\" height=\"360\" src=\"https:\/\/fiberrecycling.com\/wp-content\/uploads\/2021\/02\/Huge-piles-of-old-clothes-have-piled-up.jpg\" alt=\"Devasa eski k\u0131yafet y\u0131\u011f\u0131nlar\u0131 birikti\" class=\"wp-image-459\" srcset=\"https:\/\/fiberrecycling.com\/wp-content\/uploads\/2021\/02\/Huge-piles-of-old-clothes-have-piled-up.jpg 640w, https:\/\/fiberrecycling.com\/wp-content\/uploads\/2021\/02\/Huge-piles-of-old-clothes-have-piled-up-300x169.jpg 300w\" sizes=\"(max-width: 640px) 100vw, 640px\" \/><figcaption>Devasa eski k\u0131yafet y\u0131\u011f\u0131nlar\u0131 birikti<\/figcaption><\/figure>    <p class=\"wp-block-paragraph\">Forbes, sat\u0131n al\u0131nd\u0131ktan sonraki bir y\u0131l i\u00e7inde t\u00fcm h\u0131zl\u0131 moda \u00fcr\u00fcnlerinin yar\u0131s\u0131ndan fazlas\u0131n\u0131n t\u00fcketiciler taraf\u0131ndan at\u0131ld\u0131\u011f\u0131n\u0131 ve kuma\u015flar\u0131n b\u00fcy\u00fck \u00e7o\u011funlu\u011funun \u00e7\u00f6pl\u00fcklere at\u0131ld\u0131\u011f\u0131n\u0131 tahmin ediyor. Ancak asl\u0131nda insanlar\u0131n \u00e7\u00f6pe att\u0131\u011f\u0131 kuma\u015flar\u0131n y\u00fczde 95'i geri d\u00f6n\u00fc\u015ft\u00fcr\u00fclebilir.<\/p>    <h2 class=\"wp-block-heading\" id=\"h-h-m-s-approach-to-clothing-recycling\">H&amp;M'nin giysi geri d\u00f6n\u00fc\u015f\u00fcm\u00fcne yakla\u015f\u0131m\u0131<\/h2>    <p class=\"wp-block-paragraph\">H&amp;M geri d\u00f6n\u00fc\u015ft\u00fcr\u00fclm\u00fc\u015f kuma\u015f konusunda bir ad\u0131m \u00f6ndeydi. S\u00fcrd\u00fcr\u00fclebilirlik bug\u00fcn piyasada s\u0131cak bir konu haline gelmeden \u00e7ok \u00f6nce H&amp;M Grubu'nun akl\u0131nda t\u00fcm bunlar vard\u0131.<br><\/p>    <figure class=\"wp-block-image size-large\"><img decoding=\"async\" width=\"728\" height=\"350\" src=\"https:\/\/fiberrecycling.com\/wp-content\/uploads\/2021\/02\/HMs-approach-to-clothing-recycling.jpg\" alt=\"H&amp;M&#039;in k\u0131yafet geri d\u00f6n\u00fc\u015f\u00fcm\u00fcne yakla\u015f\u0131m\u0131\" class=\"wp-image-458\" srcset=\"https:\/\/fiberrecycling.com\/wp-content\/uploads\/2021\/02\/HMs-approach-to-clothing-recycling.jpg 728w, https:\/\/fiberrecycling.com\/wp-content\/uploads\/2021\/02\/HMs-approach-to-clothing-recycling-300x144.jpg 300w\" sizes=\"(max-width: 728px) 100vw, 728px\" \/><figcaption>H&amp;M'nin k\u0131yafet geri d\u00f6n\u00fc\u015f\u00fcm\u00fcne yakla\u015f\u0131m\u0131<\/figcaption><\/figure>    <p class=\"wp-block-paragraph\">H&amp;M, d\u00fcnyada kullan\u0131lm\u0131\u015f kuma\u015flar\u0131n geri d\u00f6n\u00fc\u015ft\u00fcr\u00fclmesi program\u0131n\u0131 uygulayan ilk moda \u015firketidir. Marka, 2013 bahar\u0131nda t\u00fcm pazarlarda kullan\u0131lm\u0131\u015f giysi geri d\u00f6n\u00fc\u015f\u00fcm program\u0131n\u0131 uygulamaya koydu. Marka, her yeni pazara girdikten sonra ilk y\u0131l i\u00e7inde kullan\u0131lm\u0131\u015f giysi geri d\u00f6n\u00fc\u015f\u00fcm program\u0131n\u0131 uygulayacak.<\/p>    <h2 class=\"wp-block-heading\" id=\"h-the-cloth-can-be-recycled\">Kuma\u015f geri d\u00f6n\u00fc\u015ft\u00fcr\u00fclebilir<\/h2>    <p class=\"wp-block-paragraph translation-block\">Eski kuma\u015f, profesyonel i\u015fleme ile geri d\u00f6n\u00fc\u015ft\u00fcr\u00fcld\u00fckten sonra tekrar kullan\u0131labilir. Genellikle, geri d\u00f6n\u00fc\u015ft\u00fcr\u00fclen kuma\u015f, kesim ve i\u015fleme sonras\u0131 tekrar a\u00e7\u0131l\u0131r, kuma\u015f geri d\u00f6n\u00fc\u015f\u00fcm end\u00fcstrisinde daha yayg\u0131n olarak talep edilen kesme ad\u0131m\u0131, <strong><a href=\"https:\/\/fiberrecycling.com\/tr\/textile-fiber-cutting-machine\/\">lif kesme makinesi<\/a><\/strong> ile tamamlan\u0131r. Daha sonra <a href=\"https:\/\/fiberrecycling.com\/tr\/fiber-opener\/\"><strong>a\u00e7ma makinesi ve temizlik makinesi<\/strong><\/a> ile kuma\u015f \u00fcr\u00fcnlerinin derin i\u015flenmesi tamamlan\u0131r.<\/p>    <figure class=\"wp-block-image size-large\"><img decoding=\"async\" width=\"1024\" height=\"576\" src=\"https:\/\/fiberrecycling.com\/wp-content\/uploads\/2021\/01\/Clothing-fiber-cutting-machine-1024x576.jpg\" alt=\"Giyim elyaf kesme makinas\u0131\" class=\"wp-image-441\" srcset=\"https:\/\/fiberrecycling.com\/wp-content\/uploads\/2021\/01\/Clothing-fiber-cutting-machine-1024x576.jpg 1024w, https:\/\/fiberrecycling.com\/wp-content\/uploads\/2021\/01\/Clothing-fiber-cutting-machine-300x169.jpg 300w, https:\/\/fiberrecycling.com\/wp-content\/uploads\/2021\/01\/Clothing-fiber-cutting-machine-768x432.jpg 768w, https:\/\/fiberrecycling.com\/wp-content\/uploads\/2021\/01\/Clothing-fiber-cutting-machine-1536x864.jpg 1536w, https:\/\/fiberrecycling.com\/wp-content\/uploads\/2021\/01\/Clothing-fiber-cutting-machine.jpg 1920w\" sizes=\"(max-width: 1024px) 100vw, 1024px\" \/><figcaption>Giyim elyaf kesme makinas\u0131<\/figcaption><\/figure>    <h2 class=\"wp-block-heading\" id=\"h-how-to-do-cloth-recycling-well\">Kuma\u015f geri d\u00f6n\u00fc\u015f\u00fcm\u00fc nas\u0131l iyi yap\u0131l\u0131r?<\/h2>    <p class=\"wp-block-paragraph\">Geri d\u00f6n\u00fc\u015ft\u00fcr\u00fclm\u00fc\u015f kuma\u015ftan iyi bir i\u015f \u00e7\u0131karabilmek i\u00e7in en \u00f6nemli konulardan biri de geri d\u00f6n\u00fc\u015ft\u00fcr\u00fclm\u00fc\u015f k\u0131yafetlerin kamuoyuna tan\u0131t\u0131lmas\u0131 i\u00e7in iyi bir i\u015f yapmakt\u0131r. B\u00f6ylece insanlar, kuma\u015flar\u0131n uygunsuz \u015fekilde imha edilmesinin \u00e7evreye getirece\u011fi y\u00fck\u00fcn fark\u0131nda olsun, b\u00f6ylece insanlar giysi geri d\u00f6n\u00fc\u015f\u00fcm\u00fc konusunda bilin\u00e7lensin.<br><\/p>    <p class=\"wp-block-paragraph\">\u0130kinci olarak, kuma\u015f geri d\u00f6n\u00fc\u015ft\u00fcr\u00fcld\u00fckten sonra geri d\u00f6n\u00fc\u015f\u00fcmc\u00fclerin de uygun geri d\u00f6n\u00fc\u015f\u00fcm i\u015flemini ger\u00e7ekle\u015ftirmesi gerekiyor. Ancak bu \u015fekilde kuma\u015f geri d\u00f6n\u00fc\u015f\u00fcm\u00fc en \u00fcst d\u00fczeye \u00e7\u0131kar\u0131labilir.<\/p>    <figure class=\"wp-block-image size-large\"><img loading=\"lazy\" decoding=\"async\" width=\"624\" height=\"381\" src=\"https:\/\/fiberrecycling.com\/wp-content\/uploads\/2021\/01\/Scrap-clothes-that-cant-be-worn.png\" alt=\"Giyilemeyen k\u0131yafetleri hurdaya \u00e7\u0131kar\u0131n\" class=\"wp-image-440\" srcset=\"https:\/\/fiberrecycling.com\/wp-content\/uploads\/2021\/01\/Scrap-clothes-that-cant-be-worn.png 624w, https:\/\/fiberrecycling.com\/wp-content\/uploads\/2021\/01\/Scrap-clothes-that-cant-be-worn-300x183.png 300w\" sizes=\"(max-width: 624px) 100vw, 624px\" \/><figcaption>Giyilemeyen eski k\u0131yafetler<\/figcaption><\/figure>","protected":false},"excerpt":{"rendered":"<p>Tekstil, gezegeni en \u00e7ok kirleten end\u00fcstrilerden biridir. Kaba tahminlere g\u00f6re tekstil end\u00fcstrisi, k\u00fcresel karbon emisyonlar\u0131n\u0131n en az y\u00fczde 10'unu ve end\u00fcstriyel su kirlili\u011finin y\u00fczde 20'sini olu\u015fturuyor. Genellikle d\u00fcnyan\u0131n en az \u00e7evre dostu b\u00f6lgesi olarak g\u00f6r\u00fclen h\u0131zl\u0131 moda, art\u0131k iklim de\u011fi\u015fikli\u011fine deniz ve hava yolculu\u011funun toplam\u0131ndan daha fazla katk\u0131da bulunuyor, bu nedenle geri d\u00f6n\u00fc\u015ft\u00fcr\u00fclm\u00fc\u015f kuma\u015fa olan ihtiya\u00e7 b\u00fcy\u00fck g\u00f6r\u00fcn\u00fcyor.<\/p>","protected":false},"author":1,"featured_media":456,"comment_status":"open","ping_status":"open","sticky":false,"template":"","format":"standard","meta":{"_crdt_document":"","footnotes":""},"categories":[1],"tags":[54],"class_list":["post-455","post","type-post","status-publish","format-standard","has-post-thumbnail","hentry","category-news","tag-textile-recycling"],"_links":{"self":[{"href":"https:\/\/fiberrecycling.com\/tr\/wp-json\/wp\/v2\/posts\/455","targetHints":{"allow":["GET"]}}],"collection":[{"href":"https:\/\/fiberrecycling.com\/tr\/wp-json\/wp\/v2\/posts"}],"about":[{"href":"https:\/\/fiberrecycling.com\/tr\/wp-json\/wp\/v2\/types\/post"}],"author":[{"embeddable":true,"href":"https:\/\/fiberrecycling.com\/tr\/wp-json\/wp\/v2\/users\/1"}],"replies":[{"embeddable":true,"href":"https:\/\/fiberrecycling.com\/tr\/wp-json\/wp\/v2\/comments?post=455"}],"version-history":[{"count":0,"href":"https:\/\/fiberrecycling.com\/tr\/wp-json\/wp\/v2\/posts\/455\/revisions"}],"wp:featuredmedia":[{"embeddable":true,"href":"https:\/\/fiberrecycling.com\/tr\/wp-json\/wp\/v2\/media\/456"}],"wp:attachment":[{"href":"https:\/\/fiberrecycling.com\/tr\/wp-json\/wp\/v2\/media?parent=455"}],"wp:term":[{"taxonomy":"category","embeddable":true,"href":"https:\/\/fiberrecycling.com\/tr\/wp-json\/wp\/v2\/categories?post=455"},{"taxonomy":"post_tag","embeddable":true,"href":"https:\/\/fiberrecycling.com\/tr\/wp-json\/wp\/v2\/tags?post=455"}],"curies":[{"name":"wp","href":"https:\/\/api.w.org\/{rel}","templated":true}]}}