{"id":466,"date":"2021-02-02T03:22:05","date_gmt":"2021-02-02T03:22:05","guid":{"rendered":"https:\/\/fiberrecycling.com\/?p=466"},"modified":"2024-12-25T18:00:35","modified_gmt":"2024-12-25T10:00:35","slug":"what-is-textile-waste-recycling","status":"publish","type":"post","link":"https:\/\/fiberrecycling.com\/tr\/what-is-textile-waste-recycling\/","title":{"rendered":"Tekstil at\u0131klar\u0131n\u0131n geri d\u00f6n\u00fc\u015f\u00fcm\u00fc nedir?"},"content":{"rendered":"<div class=\"kk-star-ratings kksr-auto kksr-align-left kksr-valign-top\"     data-payload='{&quot;align&quot;:&quot;left&quot;,&quot;id&quot;:&quot;466&quot;,&quot;slug&quot;:&quot;default&quot;,&quot;valign&quot;:&quot;top&quot;,&quot;ignore&quot;:&quot;&quot;,&quot;reference&quot;:&quot;auto&quot;,&quot;class&quot;:&quot;&quot;,&quot;count&quot;:&quot;20&quot;,&quot;legendonly&quot;:&quot;&quot;,&quot;readonly&quot;:&quot;&quot;,&quot;score&quot;:&quot;4.9&quot;,&quot;starsonly&quot;:&quot;&quot;,&quot;best&quot;:&quot;5&quot;,&quot;gap&quot;:&quot;5&quot;,&quot;greet&quot;:&quot;Rate this post&quot;,&quot;legend&quot;:&quot;4.9\\\/5 - (20 votes)&quot;,&quot;size&quot;:&quot;24&quot;,&quot;title&quot;:&quot;What is textile waste recycling?&quot;,&quot;width&quot;:&quot;139.6&quot;,&quot;_legend&quot;:&quot;{score}\\\/{best} - ({count} {votes})&quot;,&quot;font_factor&quot;:&quot;1.25&quot;}'>              <div class=\"kksr-stars\">      <div class=\"kksr-stars-inactive\">             <div class=\"kksr-star\" data-star=\"1\" style=\"padding-right: 5px\">               <div class=\"kksr-icon\" style=\"width: 24px; height: 24px;\"><\/div>         <\/div>             <div class=\"kksr-star\" data-star=\"2\" style=\"padding-right: 5px\">               <div class=\"kksr-icon\" style=\"width: 24px; height: 24px;\"><\/div>         <\/div>             <div class=\"kksr-star\" data-star=\"3\" style=\"padding-right: 5px\">               <div class=\"kksr-icon\" style=\"width: 24px; height: 24px;\"><\/div>         <\/div>             <div class=\"kksr-star\" data-star=\"4\" style=\"padding-right: 5px\">               <div class=\"kksr-icon\" style=\"width: 24px; height: 24px;\"><\/div>         <\/div>             <div class=\"kksr-star\" data-star=\"5\" style=\"padding-right: 5px\">               <div class=\"kksr-icon\" style=\"width: 24px; height: 24px;\"><\/div>         <\/div>     <\/div>      <div class=\"kksr-stars-active\" style=\"width: 139.6px;\">             <div class=\"kksr-star\" style=\"padding-right: 5px\">               <div class=\"kksr-icon\" style=\"width: 24px; height: 24px;\"><\/div>         <\/div>             <div class=\"kksr-star\" style=\"padding-right: 5px\">               <div class=\"kksr-icon\" style=\"width: 24px; height: 24px;\"><\/div>         <\/div>             <div class=\"kksr-star\" style=\"padding-right: 5px\">               <div class=\"kksr-icon\" style=\"width: 24px; height: 24px;\"><\/div>         <\/div>             <div class=\"kksr-star\" style=\"padding-right: 5px\">               <div class=\"kksr-icon\" style=\"width: 24px; height: 24px;\"><\/div>         <\/div>             <div class=\"kksr-star\" style=\"padding-right: 5px\">               <div class=\"kksr-icon\" style=\"width: 24px; height: 24px;\"><\/div>         <\/div>     <\/div> <\/div>                   <div class=\"kksr-legend\" style=\"font-size: 19.2px;\">             4.9\/5 - (20 oy)    <\/div>     <\/div>  <p class=\"wp-block-paragraph translation-block\"><strong>Tekstil at\u0131\u011f\u0131 geri d\u00f6n\u00fc\u015f\u00fcm\u00fc<\/strong> g\u00fcn\u00fcm\u00fczde tekstil end\u00fcstrisinde daha yayg\u0131n bir ad\u0131m haline gelmi\u015ftir. <a href=\"https:\/\/fiberrecycling.com\/tr\/how-to-realize-the-waste-textile-recycling\/\">Tekstil at\u0131\u011f\u0131<\/a> genellikle tekstil \u00fcretim s\u00fcrecinde ortaya \u00e7\u0131kan art\u0131klar\u0131 ve \u00fcretim standartlar\u0131n\u0131 kar\u015f\u0131lamayan baz\u0131 tekstilleri ifade eder. Ayr\u0131ca insanlar\u0131n g\u00fcnl\u00fck ya\u015fam\u0131nda ortaya \u00e7\u0131kan kullan\u0131lm\u0131\u015f giysiler de bir t\u00fcr tekstil at\u0131\u011f\u0131d\u0131r.<\/p>    <h2 class=\"wp-block-heading\" id=\"h-importance-of-textile-waste-recycling\">Tekstil at\u0131klar\u0131n\u0131n geri d\u00f6n\u00fc\u015f\u00fcm\u00fcn\u00fcn \u00f6nemi<\/h2>    <p class=\"wp-block-paragraph\">\u0130nsanlar\u0131n ya\u015fam t\u00fcketim seviyesinin artmas\u0131yla birlikte, tekstil \u00fcr\u00fcnlerinin kullan\u0131m d\u00f6ng\u00fcs\u00fc de giderek k\u0131sal\u0131yor. Ve at\u0131k tekstillerin geri d\u00f6n\u00fc\u015f\u00fcm\u00fc, i\u015flenmesi ve kullan\u0131m\u0131, g\u00f6z ard\u0131 edilemeyecek bir noktaya ula\u015ft\u0131.<br><\/p>    <figure class=\"wp-block-image size-large is-resized\"><img fetchpriority=\"high\" decoding=\"async\" src=\"https:\/\/fiberrecycling.com\/wp-content\/uploads\/2021\/02\/Waste-textile-fibre.jpg\" alt=\"At\u0131k tekstil elyaf\u0131\" class=\"wp-image-515\" width=\"838\" height=\"558\" srcset=\"https:\/\/fiberrecycling.com\/wp-content\/uploads\/2021\/02\/Waste-textile-fibre.jpg 512w, https:\/\/fiberrecycling.com\/wp-content\/uploads\/2021\/02\/Waste-textile-fibre-300x200.jpg 300w\" sizes=\"(max-width: 838px) 100vw, 838px\" \/><figcaption>Tekstil at\u0131\u011f\u0131<\/figcaption><\/figure>    <p class=\"wp-block-paragraph\">Tekstil at\u0131klar\u0131n\u0131n geri d\u00f6n\u00fc\u015f\u00fcm\u00fc ve yeniden kullan\u0131m\u0131 kaynak a\u00e7\u0131s\u0131ndan zengindir, daha az yat\u0131r\u0131m gerektirir, geli\u015fen end\u00fcstrinin \u00f6nemli faydalar\u0131 vard\u0131r, sadece tekstil end\u00fcstrisinin kaynak s\u0131k\u0131nt\u0131s\u0131n\u0131n mevcut durumunu hafifletmekle kalmaz, ayn\u0131 zamanda tekstil at\u0131klar\u0131n\u0131n \u00e7evreye olan kirlili\u011fini de azaltabilir, b\u00fcy\u00fck ekonomiktir ve sosyal yard\u0131mlar.<\/p>    <h2 class=\"wp-block-heading\" id=\"h-how-to-realize-textile-waste-recycling\">Tekstil at\u0131klar\u0131n\u0131n geri d\u00f6n\u00fc\u015f\u00fcm\u00fc nas\u0131l ger\u00e7ekle\u015ftirilebilir?<\/h2>    <p class=\"wp-block-paragraph\">Tekstil at\u0131klar\u0131 topland\u0131ktan sonra i\u015flenmek \u00fczere \u00f6zel bir i\u015fleme tesisine ta\u015f\u0131nacak. Genellikle tekstil at\u0131klar\u0131n\u0131n geri d\u00f6n\u00fc\u015ft\u00fcr\u00fclmesinin ger\u00e7ekle\u015ftirilmesi i\u00e7in \u00fc\u00e7 ad\u0131ma ihtiya\u00e7 vard\u0131r.<br><\/p>    <figure class=\"wp-block-image size-large\"><img decoding=\"async\" width=\"750\" height=\"750\" src=\"https:\/\/fiberrecycling.com\/wp-content\/uploads\/2021\/01\/Fabric-cutting-machine.jpg\" alt=\"Kuma\u015f kesme makinas\u0131\" class=\"wp-image-430\" srcset=\"https:\/\/fiberrecycling.com\/wp-content\/uploads\/2021\/01\/Fabric-cutting-machine.jpg 750w, https:\/\/fiberrecycling.com\/wp-content\/uploads\/2021\/01\/Fabric-cutting-machine-300x300.jpg 300w, https:\/\/fiberrecycling.com\/wp-content\/uploads\/2021\/01\/Fabric-cutting-machine-150x150.jpg 150w\" sizes=\"(max-width: 750px) 100vw, 750px\" \/><figcaption>Elyaf kesici<\/figcaption><\/figure>    <ul class=\"wp-block-list\"><li>\u00d6ncelikle tekstil at\u0131klar\u0131n\u0131n <a href=\"https:\/\/fiberrecycling.com\/tr\/used-clothes-cutting-machine-for-sale\/\">bir elyaf kesici ile e\u015fit b\u00fcy\u00fckl\u00fckte par\u00e7alar halinde kesilir<\/a>Tekstilin daha sonraki i\u015flenmesini kolayla\u015ft\u0131rmak i\u00e7in.<\/li><li>Tekd\u00fcze pa\u00e7avralar daha sonra kuma\u015f\u0131 temizleyen ve gev\u015feten bir a\u00e7ma makinesine beslenir.<\/li><li>A\u00e7ma ve gev\u015fetme makinesinden sonra tekstil at\u0131\u011f\u0131, kuma\u015f elyaf\u0131n\u0131n \u00f6n ayr\u0131\u015fmas\u0131n\u0131 tamamlam\u0131\u015f ve temizleme makinesi derinlemesine geni\u015fletme ve da\u011f\u0131tma i\u015flemini ger\u00e7ekle\u015ftirmi\u015f ve son olarak birden fazla silindirin i\u015flenmesi yoluyla kuma\u015f at\u0131klar\u0131n\u0131n yeniden i\u015flenmesi ger\u00e7ekle\u015ftirilmi\u015ftir. tamamland\u0131.<\/li><\/ul>    <h2 class=\"wp-block-heading\" id=\"h-what-can-be-done-with-recycled-textile-waste\">Geri d\u00f6n\u00fc\u015ft\u00fcr\u00fclm\u00fc\u015f tekstil at\u0131klar\u0131yla neler yap\u0131labilir?<\/h2>    <figure class=\"wp-block-image size-large is-resized\"><img decoding=\"async\" src=\"https:\/\/fiberrecycling.com\/wp-content\/uploads\/2021\/02\/Recycled-cotton.jpg\" alt=\"Geri d\u00f6n\u00fc\u015ft\u00fcr\u00fclm\u00fc\u015f pamuk\" class=\"wp-image-516\" width=\"836\" height=\"627\" srcset=\"https:\/\/fiberrecycling.com\/wp-content\/uploads\/2021\/02\/Recycled-cotton.jpg 800w, https:\/\/fiberrecycling.com\/wp-content\/uploads\/2021\/02\/Recycled-cotton-300x225.jpg 300w, https:\/\/fiberrecycling.com\/wp-content\/uploads\/2021\/02\/Recycled-cotton-768x576.jpg 768w\" sizes=\"(max-width: 836px) 100vw, 836px\" \/><figcaption>Geri d\u00f6n\u00fc\u015ft\u00fcr\u00fclm\u00fc\u015f pamuk<\/figcaption><\/figure>    <p class=\"wp-block-paragraph\">Yukar\u0131daki a\u00e7ma ve gev\u015fetme i\u015fleminden sonra tekstiller ke\u00e7eye ve yeniden kullan\u0131labilecek di\u011fer g\u00fcnl\u00fck ihtiya\u00e7lara d\u00f6n\u00fc\u015ft\u00fcr\u00fclebilir. Bunlardan baz\u0131lar\u0131 at\u0131klar\u0131n tekstil elyaflar\u0131na yeniden da\u011f\u0131lmas\u0131n\u0131 da \u00f6nleyebiliyor. Geri d\u00f6n\u00fc\u015f\u00fcm\u00fcn ve kullan\u0131m\u0131n ger\u00e7ekle\u015ftirilmesini en \u00fcst d\u00fczeye \u00e7\u0131karmak i\u00e7in tekstillere yeniden i\u015flenebilir.<\/p>    <h2 class=\"wp-block-heading\" id=\"h-video-show-of-textile-recycling-cut-off\">Tekstil geri d\u00f6n\u00fc\u015f\u00fcm\u00fcn\u00fcn video g\u00f6sterisi kesildi<\/h2>    <figure class=\"wp-block-embed is-type-video is-provider-youtube wp-block-embed-youtube wp-embed-aspect-16-9 wp-has-aspect-ratio\"><div class=\"wp-block-embed__wrapper\"> <iframe title=\"Kullan\u0131lm\u0131\u015f giysiler\/Elyaf kesme makinesi\/kesici\/Kuma\u015f\/pamuk\/tekstil i\u00e7in geri d\u00f6n\u00fc\u015f\u00fcm ve i\u015fleme makinesi\" width=\"800\" height=\"450\" src=\"https:\/\/www.youtube.com\/embed\/XZMX2R941_s?feature=oembed\" frameborder=\"0\" allow=\"accelerometer; autoplay; clipboard-write; encrypted-media; gyroscope; picture-in-picture\" allowfullscreen><\/iframe> <\/div><figcaption>Kullan\u0131lm\u0131\u015f giysiler\/Elyaf kesme makinesi\/kesici<\/figcaption><\/figure>","protected":false},"excerpt":{"rendered":"<p>Tekstil at\u0131klar\u0131n\u0131n geri d\u00f6n\u00fc\u015f\u00fcm\u00fc \u015fu anda tekstil end\u00fcstrisinde daha yayg\u0131n bir ad\u0131md\u0131r. Tekstil at\u0131\u011f\u0131 genellikle tekstil \u00fcretim s\u00fcrecinde olu\u015fan art\u0131klar\u0131n yan\u0131 s\u0131ra \u00fcretim standartlar\u0131n\u0131 kar\u015f\u0131lamayan baz\u0131 tekstil \u00fcr\u00fcnlerini de ifade eder. Ayr\u0131ca insanlar\u0131n g\u00fcnl\u00fck ya\u015famlar\u0131nda olu\u015fan at\u0131k giysiler de bir nevi tekstil at\u0131\u011f\u0131d\u0131r.<\/p>","protected":false},"author":1,"featured_media":550,"comment_status":"open","ping_status":"open","sticky":false,"template":"","format":"standard","meta":{"_crdt_document":"","footnotes":""},"categories":[1],"tags":[54],"class_list":["post-466","post","type-post","status-publish","format-standard","has-post-thumbnail","hentry","category-news","tag-textile-recycling"],"_links":{"self":[{"href":"https:\/\/fiberrecycling.com\/tr\/wp-json\/wp\/v2\/posts\/466","targetHints":{"allow":["GET"]}}],"collection":[{"href":"https:\/\/fiberrecycling.com\/tr\/wp-json\/wp\/v2\/posts"}],"about":[{"href":"https:\/\/fiberrecycling.com\/tr\/wp-json\/wp\/v2\/types\/post"}],"author":[{"embeddable":true,"href":"https:\/\/fiberrecycling.com\/tr\/wp-json\/wp\/v2\/users\/1"}],"replies":[{"embeddable":true,"href":"https:\/\/fiberrecycling.com\/tr\/wp-json\/wp\/v2\/comments?post=466"}],"version-history":[{"count":0,"href":"https:\/\/fiberrecycling.com\/tr\/wp-json\/wp\/v2\/posts\/466\/revisions"}],"wp:featuredmedia":[{"embeddable":true,"href":"https:\/\/fiberrecycling.com\/tr\/wp-json\/wp\/v2\/media\/550"}],"wp:attachment":[{"href":"https:\/\/fiberrecycling.com\/tr\/wp-json\/wp\/v2\/media?parent=466"}],"wp:term":[{"taxonomy":"category","embeddable":true,"href":"https:\/\/fiberrecycling.com\/tr\/wp-json\/wp\/v2\/categories?post=466"},{"taxonomy":"post_tag","embeddable":true,"href":"https:\/\/fiberrecycling.com\/tr\/wp-json\/wp\/v2\/tags?post=466"}],"curies":[{"name":"wp","href":"https:\/\/api.w.org\/{rel}","templated":true}]}}