{"id":486,"date":"2021-02-02T06:44:43","date_gmt":"2021-02-02T06:44:43","guid":{"rendered":"https:\/\/fiberrecycling.com\/?p=486"},"modified":"2024-12-25T17:59:57","modified_gmt":"2024-12-25T09:59:57","slug":"garments-cloth-waste-cutter-for-sale","status":"publish","type":"post","link":"https:\/\/fiberrecycling.com\/tr\/garments-cloth-waste-cutter-for-sale\/","title":{"rendered":"Sat\u0131l\u0131k konfeksiyon kuma\u015f at\u0131k kesici"},"content":{"rendered":"<div class=\"kk-star-ratings kksr-auto kksr-align-left kksr-valign-top\"     data-payload='{&quot;align&quot;:&quot;left&quot;,&quot;id&quot;:&quot;486&quot;,&quot;slug&quot;:&quot;default&quot;,&quot;valign&quot;:&quot;top&quot;,&quot;ignore&quot;:&quot;&quot;,&quot;reference&quot;:&quot;auto&quot;,&quot;class&quot;:&quot;&quot;,&quot;count&quot;:&quot;27&quot;,&quot;legendonly&quot;:&quot;&quot;,&quot;readonly&quot;:&quot;&quot;,&quot;score&quot;:&quot;4.5&quot;,&quot;starsonly&quot;:&quot;&quot;,&quot;best&quot;:&quot;5&quot;,&quot;gap&quot;:&quot;5&quot;,&quot;greet&quot;:&quot;Rate this post&quot;,&quot;legend&quot;:&quot;4.5\\\/5 - (27 votes)&quot;,&quot;size&quot;:&quot;24&quot;,&quot;title&quot;:&quot;Garments cloth waste cutter for sale&quot;,&quot;width&quot;:&quot;128&quot;,&quot;_legend&quot;:&quot;{score}\\\/{best} - ({count} {votes})&quot;,&quot;font_factor&quot;:&quot;1.25&quot;}'>              <div class=\"kksr-stars\">      <div class=\"kksr-stars-inactive\">             <div class=\"kksr-star\" data-star=\"1\" style=\"padding-right: 5px\">               <div class=\"kksr-icon\" style=\"width: 24px; height: 24px;\"><\/div>         <\/div>             <div class=\"kksr-star\" data-star=\"2\" style=\"padding-right: 5px\">               <div class=\"kksr-icon\" style=\"width: 24px; height: 24px;\"><\/div>         <\/div>             <div class=\"kksr-star\" data-star=\"3\" style=\"padding-right: 5px\">               <div class=\"kksr-icon\" style=\"width: 24px; height: 24px;\"><\/div>         <\/div>             <div class=\"kksr-star\" data-star=\"4\" style=\"padding-right: 5px\">               <div class=\"kksr-icon\" style=\"width: 24px; height: 24px;\"><\/div>         <\/div>             <div class=\"kksr-star\" data-star=\"5\" style=\"padding-right: 5px\">               <div class=\"kksr-icon\" style=\"width: 24px; height: 24px;\"><\/div>         <\/div>     <\/div>      <div class=\"kksr-stars-active\" style=\"width: 128px;\">             <div class=\"kksr-star\" style=\"padding-right: 5px\">               <div class=\"kksr-icon\" style=\"width: 24px; height: 24px;\"><\/div>         <\/div>             <div class=\"kksr-star\" style=\"padding-right: 5px\">               <div class=\"kksr-icon\" style=\"width: 24px; height: 24px;\"><\/div>         <\/div>             <div class=\"kksr-star\" style=\"padding-right: 5px\">               <div class=\"kksr-icon\" style=\"width: 24px; height: 24px;\"><\/div>         <\/div>             <div class=\"kksr-star\" style=\"padding-right: 5px\">               <div class=\"kksr-icon\" style=\"width: 24px; height: 24px;\"><\/div>         <\/div>             <div class=\"kksr-star\" style=\"padding-right: 5px\">               <div class=\"kksr-icon\" style=\"width: 24px; height: 24px;\"><\/div>         <\/div>     <\/div> <\/div>                   <div class=\"kksr-legend\" style=\"font-size: 19.2px;\">             4.5\/5 - (27 oy)    <\/div>     <\/div>  <p class=\"wp-block-paragraph translation-block\"><strong>Giyim at\u0131\u011f\u0131 kuma\u015f kesici<\/strong>, tamamen at\u0131k giysilerin kesilmesi i\u00e7in \u00f6zel makineler ve ekipmanlard\u0131r. Giyim geri d\u00f6n\u00fc\u015f\u00fcm i\u015fleme end\u00fcstrisinde daha yayg\u0131n olarak kullan\u0131l\u0131r. Bu t\u00fcr kuma\u015f kesme makinesi, y\u00fcksek g\u00fcvenlik ve esnek ayar \u00f6zelliklerine sahiptir. Giyim kuma\u015f\u0131 geri d\u00f6n\u00fc\u015f\u00fcm\u00fc i\u00e7in en iyi yard\u0131mc\u0131d\u0131r.<\/p>    <h2 class=\"wp-block-heading\" id=\"h-why-cut-the-fabric-of-clothing\">Neden giysinin kuma\u015f\u0131n\u0131 kesiyorsun?<\/h2>    <p class=\"wp-block-paragraph\">Giysi kuma\u015f at\u0131klar\u0131n\u0131n kesilmesi genellikle giysi giyme de\u011feri olmayan ki\u015filerin kesme i\u015flemini ifade eder. Bu t\u00fcr giysiler genellikle tekd\u00fcze bir \u015fekilde toplan\u0131r ve i\u015flenmesi uzmanla\u015fm\u0131\u015ft\u0131r.<br><\/p>    <p class=\"wp-block-paragraph\">Giysilik kuma\u015flar\u0131n kesilmesinin nedeni ise, en b\u00fcy\u00fck ama\u00e7 kuma\u015f kuma\u015f\u0131n geri d\u00f6n\u00fc\u015f\u00fcm\u00fcne daha uygun olmas\u0131d\u0131r.<\/p>    <figure class=\"wp-block-image size-large is-resized\"><img fetchpriority=\"high\" decoding=\"async\" src=\"https:\/\/fiberrecycling.com\/wp-content\/uploads\/2021\/02\/The-fabric-after-it-has-been-cut.jpg\" alt=\"Kuma\u015f kesildikten sonra\" class=\"wp-image-568\" width=\"840\" height=\"559\" srcset=\"https:\/\/fiberrecycling.com\/wp-content\/uploads\/2021\/02\/The-fabric-after-it-has-been-cut.jpg 600w, https:\/\/fiberrecycling.com\/wp-content\/uploads\/2021\/02\/The-fabric-after-it-has-been-cut-300x200.jpg 300w\" sizes=\"(max-width: 840px) 100vw, 840px\" \/><figcaption>Kuma\u015f kesildikten sonra<\/figcaption><\/figure>    <h2 class=\"wp-block-heading\" id=\"h-a-wide-variety-of-garments-cloth\">\u00c7ok \u00e7e\u015fitli giysi kuma\u015flar\u0131<\/h2>    <p class=\"wp-block-paragraph\">Giyim end\u00fcstrisinde \u00e7ok \u00e7e\u015fitli giyim kuma\u015flar\u0131 vard\u0131r ve farkl\u0131 giyim kuma\u015flar\u0131 giyim konforu ve g\u00f6rsel efekt a\u00e7\u0131s\u0131ndan b\u00fcy\u00fck farkl\u0131l\u0131klara sahip olacakt\u0131r.<br><\/p>    <figure class=\"wp-block-image size-large is-resized\"><img decoding=\"async\" src=\"https:\/\/fiberrecycling.com\/wp-content\/uploads\/2021\/02\/Different-clothing-fabrics.jpg\" alt=\"Farkl\u0131 giyim kuma\u015flar\u0131\" class=\"wp-image-488\" width=\"839\" height=\"539\" srcset=\"https:\/\/fiberrecycling.com\/wp-content\/uploads\/2021\/02\/Different-clothing-fabrics.jpg 512w, https:\/\/fiberrecycling.com\/wp-content\/uploads\/2021\/02\/Different-clothing-fabrics-300x193.jpg 300w\" sizes=\"(max-width: 839px) 100vw, 839px\" \/><figcaption>Farkl\u0131 giyim kuma\u015flar\u0131<\/figcaption><\/figure>    <p class=\"wp-block-paragraph\">Kuma\u015f genellikle pamuk, keten, ipek, kimyasal elyaf, deri, kar\u0131\u015f\u0131m vb. i\u00e7erir. Bu farkl\u0131 kuma\u015flar\u0131n \u00fcretim s\u00fcre\u00e7leri, kal\u0131nl\u0131klar\u0131 vb. pek \u00e7ok y\u00f6n\u00fc birbirinden olduk\u00e7a farkl\u0131d\u0131r. Bu kuma\u015flar\u0131n farkl\u0131 \u00f6zelliklerinden dolay\u0131 kesim yaparken do\u011fru ayr\u0131mlar\u0131n yap\u0131lmas\u0131 gerekmektedir. Daha iyi bir geri d\u00f6n\u00fc\u015f\u00fcm etkisi elde etmek i\u00e7in.<\/p>    <h2 class=\"wp-block-heading\" id=\"h-garments-cloth-waste-cutter-application-and-purchase-matters-needing-attention\">Giysilerde kuma\u015f at\u0131\u011f\u0131 kesici uygulamas\u0131 ve sat\u0131n al\u0131nmas\u0131nda dikkat edilmesi gereken konular<\/h2>    <p class=\"wp-block-paragraph\">Giysi kuma\u015f\u0131 at\u0131k kesici esas olarak giyim kuma\u015f\u0131n\u0131n geri d\u00f6n\u00fc\u015f\u00fcm\u00fc ve i\u015flenmesi alan\u0131nda kullan\u0131l\u0131r. M\u00fc\u015fteriler ekipman se\u00e7ip sat\u0131n al\u0131rken \u00f6ncelikle kendi i\u015fletmelerinin \u00fcretim kapsam\u0131n\u0131, i\u015fleme malzemelerini ve i\u015fleme miktar\u0131n\u0131 bilmeleri gerekir. Sat\u0131n al\u0131nacak ekipman\u0131n model ve miktar\u0131n\u0131 belirlemek i\u00e7in. Daha sonraki sat\u0131n alma \u00e7al\u0131\u015fmalar\u0131 i\u00e7in basit bir temel haz\u0131rlay\u0131n.<br><\/p>    <figure class=\"wp-block-image size-large\"><img decoding=\"async\" width=\"1024\" height=\"768\" src=\"https:\/\/fiberrecycling.com\/wp-content\/uploads\/2021\/01\/Large-fiber-cutting-machine-1024x768.jpg\" alt=\"B\u00fcy\u00fck elyaf kesme makinas\u0131\" class=\"wp-image-446\" srcset=\"https:\/\/fiberrecycling.com\/wp-content\/uploads\/2021\/01\/Large-fiber-cutting-machine-1024x768.jpg 1024w, https:\/\/fiberrecycling.com\/wp-content\/uploads\/2021\/01\/Large-fiber-cutting-machine-300x225.jpg 300w, https:\/\/fiberrecycling.com\/wp-content\/uploads\/2021\/01\/Large-fiber-cutting-machine-768x576.jpg 768w, https:\/\/fiberrecycling.com\/wp-content\/uploads\/2021\/01\/Large-fiber-cutting-machine-1536x1152.jpg 1536w, https:\/\/fiberrecycling.com\/wp-content\/uploads\/2021\/01\/Large-fiber-cutting-machine-2048x1536.jpg 2048w\" sizes=\"(max-width: 1024px) 100vw, 1024px\" \/><figcaption>B\u00fcy\u00fck at\u0131k kuma\u015f kesici<\/figcaption><\/figure>    <p class=\"wp-block-paragraph\">Gerekli oldu\u011funda, ilgili teknik problemler i\u00e7in \u00fcreticinin profesyonel personeli ile dan\u0131\u015fabiliriz veya profesyonel personelden yerinde sim\u00fclasyon \u00e7\u00f6z\u00fcmleri talep edebiliriz ya da \u00e7\u00f6z\u00fcmler sunabiliriz.<\/p>    <h2 class=\"wp-block-heading\" id=\"h-our-company-is-selling-high-quality-garments-cloth-waste-cutter\">\u015eirketimiz y\u00fcksek kaliteli giysi kuma\u015f\u0131 at\u0131k kesici satmaktad\u0131r.<\/h2>    <p class=\"wp-block-paragraph translation-block\"><strong>\u015eirketin s\u00fcrekli yenilik ve reform yoluyla \u00fcretti\u011fi kuma\u015f at\u0131\u011f\u0131 kesici, istikrarl\u0131 ve verimli bir \u00e7al\u0131\u015fma etkisi yaratm\u0131\u015ft\u0131r.<\/strong> Sat\u0131n alan m\u00fc\u015fterilerin geri bildirimlerine g\u00f6re, bu t\u00fcr giyim at\u0131\u011f\u0131 kuma\u015f kesme makinesi, ger\u00e7ek i\u015fleme operasyonu s\u00fcrecinde sadece y\u00fcksek kesme verimlili\u011fine sahip olmakla kalmay\u0131p, ayn\u0131 zamanda kesme hassasiyetinde de daha do\u011frudur, bu da m\u00fc\u015fterilerin ger\u00e7ek \u00fcretim ihtiya\u00e7lar\u0131na \u00e7ok uygundur.<br><\/p>    <figure class=\"wp-block-image size-large\"><img loading=\"lazy\" decoding=\"async\" width=\"1024\" height=\"768\" src=\"https:\/\/fiberrecycling.com\/wp-content\/uploads\/2021\/02\/Cloth-waste-cutting-machine-to-be-delivered-1024x768.jpg\" alt=\"Kuma\u015f at\u0131k kesme makinas\u0131 teslimata haz\u0131r\" class=\"wp-image-489\" srcset=\"https:\/\/fiberrecycling.com\/wp-content\/uploads\/2021\/02\/Cloth-waste-cutting-machine-to-be-delivered-1024x768.jpg 1024w, https:\/\/fiberrecycling.com\/wp-content\/uploads\/2021\/02\/Cloth-waste-cutting-machine-to-be-delivered-300x225.jpg 300w, https:\/\/fiberrecycling.com\/wp-content\/uploads\/2021\/02\/Cloth-waste-cutting-machine-to-be-delivered-768x576.jpg 768w, https:\/\/fiberrecycling.com\/wp-content\/uploads\/2021\/02\/Cloth-waste-cutting-machine-to-be-delivered.jpg 1440w\" sizes=\"(max-width: 1024px) 100vw, 1024px\" \/><figcaption>Kuma\u015f at\u0131k kesme makinas\u0131 teslimata haz\u0131r<\/figcaption><\/figure>    <p class=\"wp-block-paragraph translation-block\">Ayr\u0131ca, m\u00fc\u015fteriler giyim <strong><a href=\"https:\/\/fiberrecycling.com\/tr\/used-clothes-cutting-machine-for-sale\/\">at\u0131\u011f\u0131 kuma\u015f kesme makinesini<\/a><\/strong> teslim ald\u0131ktan sonra, m\u00fc\u015fterilere ayr\u0131nt\u0131l\u0131 makine i\u015fletme talimatlar\u0131 da sunuyoruz. M\u00fc\u015fterilerin ihtiyac\u0131 olursa, ayr\u0131nt\u0131l\u0131 bir video a\u00e7\u0131klamas\u0131 da sa\u011flayabiliriz. M\u00fc\u015fterilerin makineyi kapsaml\u0131 bir \u015fekilde anlamalar\u0131n\u0131 sa\u011flamak i\u00e7in.<br><\/p>","protected":false},"excerpt":{"rendered":"<p>Giysi kuma\u015f\u0131 at\u0131k kesici, makine ve ekipmanlar\u0131n kesilmesine y\u00f6nelik komple at\u0131k giysiler konusunda uzmanla\u015fm\u0131\u015ft\u0131r. Giyim geri d\u00f6n\u00fc\u015f\u00fcm\u00fcn\u00fcn i\u015fleme end\u00fcstrisinde daha yayg\u0131n olarak kullan\u0131l\u0131r. Bu t\u00fcr kuma\u015f kesme makineleri, y\u00fcksek g\u00fcvenlik ve esnek ayar \u00f6zelliklerine sahiptir. Giysilik kuma\u015f geri d\u00f6n\u00fc\u015f\u00fcm\u00fcnde en iyi yard\u0131mc\u0131 hangisidir.<\/p>","protected":false},"author":1,"featured_media":487,"comment_status":"open","ping_status":"open","sticky":false,"template":"","format":"standard","meta":{"_crdt_document":"","footnotes":""},"categories":[1],"tags":[54],"class_list":["post-486","post","type-post","status-publish","format-standard","has-post-thumbnail","hentry","category-news","tag-textile-recycling"],"_links":{"self":[{"href":"https:\/\/fiberrecycling.com\/tr\/wp-json\/wp\/v2\/posts\/486","targetHints":{"allow":["GET"]}}],"collection":[{"href":"https:\/\/fiberrecycling.com\/tr\/wp-json\/wp\/v2\/posts"}],"about":[{"href":"https:\/\/fiberrecycling.com\/tr\/wp-json\/wp\/v2\/types\/post"}],"author":[{"embeddable":true,"href":"https:\/\/fiberrecycling.com\/tr\/wp-json\/wp\/v2\/users\/1"}],"replies":[{"embeddable":true,"href":"https:\/\/fiberrecycling.com\/tr\/wp-json\/wp\/v2\/comments?post=486"}],"version-history":[{"count":0,"href":"https:\/\/fiberrecycling.com\/tr\/wp-json\/wp\/v2\/posts\/486\/revisions"}],"wp:featuredmedia":[{"embeddable":true,"href":"https:\/\/fiberrecycling.com\/tr\/wp-json\/wp\/v2\/media\/487"}],"wp:attachment":[{"href":"https:\/\/fiberrecycling.com\/tr\/wp-json\/wp\/v2\/media?parent=486"}],"wp:term":[{"taxonomy":"category","embeddable":true,"href":"https:\/\/fiberrecycling.com\/tr\/wp-json\/wp\/v2\/categories?post=486"},{"taxonomy":"post_tag","embeddable":true,"href":"https:\/\/fiberrecycling.com\/tr\/wp-json\/wp\/v2\/tags?post=486"}],"curies":[{"name":"wp","href":"https:\/\/api.w.org\/{rel}","templated":true}]}}