{"id":498,"date":"2021-02-02T09:51:25","date_gmt":"2021-02-02T09:51:25","guid":{"rendered":"https:\/\/fiberrecycling.com\/?p=498"},"modified":"2024-12-25T17:59:40","modified_gmt":"2024-12-25T09:59:40","slug":"waste-cloth-recycling-plant-in-indonesia","status":"publish","type":"post","link":"https:\/\/fiberrecycling.com\/tr\/waste-cloth-recycling-plant-in-indonesia\/","title":{"rendered":"Endonezya'daki at\u0131k kuma\u015f geri d\u00f6n\u00fc\u015f\u00fcm tesisi"},"content":{"rendered":"<div class=\"kk-star-ratings kksr-auto kksr-align-left kksr-valign-top\"     data-payload='{&quot;align&quot;:&quot;left&quot;,&quot;id&quot;:&quot;498&quot;,&quot;slug&quot;:&quot;default&quot;,&quot;valign&quot;:&quot;top&quot;,&quot;ignore&quot;:&quot;&quot;,&quot;reference&quot;:&quot;auto&quot;,&quot;class&quot;:&quot;&quot;,&quot;count&quot;:&quot;24&quot;,&quot;legendonly&quot;:&quot;&quot;,&quot;readonly&quot;:&quot;&quot;,&quot;score&quot;:&quot;4.8&quot;,&quot;starsonly&quot;:&quot;&quot;,&quot;best&quot;:&quot;5&quot;,&quot;gap&quot;:&quot;5&quot;,&quot;greet&quot;:&quot;Rate this post&quot;,&quot;legend&quot;:&quot;4.8\\\/5 - (24 votes)&quot;,&quot;size&quot;:&quot;24&quot;,&quot;title&quot;:&quot;Waste cloth recycling plant in Indonesia&quot;,&quot;width&quot;:&quot;136.7&quot;,&quot;_legend&quot;:&quot;{score}\\\/{best} - ({count} {votes})&quot;,&quot;font_factor&quot;:&quot;1.25&quot;}'>              <div class=\"kksr-stars\">      <div class=\"kksr-stars-inactive\">             <div class=\"kksr-star\" data-star=\"1\" style=\"padding-right: 5px\">               <div class=\"kksr-icon\" style=\"width: 24px; height: 24px;\"><\/div>         <\/div>             <div class=\"kksr-star\" data-star=\"2\" style=\"padding-right: 5px\">               <div class=\"kksr-icon\" style=\"width: 24px; height: 24px;\"><\/div>         <\/div>             <div class=\"kksr-star\" data-star=\"3\" style=\"padding-right: 5px\">               <div class=\"kksr-icon\" style=\"width: 24px; height: 24px;\"><\/div>         <\/div>             <div class=\"kksr-star\" data-star=\"4\" style=\"padding-right: 5px\">               <div class=\"kksr-icon\" style=\"width: 24px; height: 24px;\"><\/div>         <\/div>             <div class=\"kksr-star\" data-star=\"5\" style=\"padding-right: 5px\">               <div class=\"kksr-icon\" style=\"width: 24px; height: 24px;\"><\/div>         <\/div>     <\/div>      <div class=\"kksr-stars-active\" style=\"width: 136.7px;\">             <div class=\"kksr-star\" style=\"padding-right: 5px\">               <div class=\"kksr-icon\" style=\"width: 24px; height: 24px;\"><\/div>         <\/div>             <div class=\"kksr-star\" style=\"padding-right: 5px\">               <div class=\"kksr-icon\" style=\"width: 24px; height: 24px;\"><\/div>         <\/div>             <div class=\"kksr-star\" style=\"padding-right: 5px\">               <div class=\"kksr-icon\" style=\"width: 24px; height: 24px;\"><\/div>         <\/div>             <div class=\"kksr-star\" style=\"padding-right: 5px\">               <div class=\"kksr-icon\" style=\"width: 24px; height: 24px;\"><\/div>         <\/div>             <div class=\"kksr-star\" style=\"padding-right: 5px\">               <div class=\"kksr-icon\" style=\"width: 24px; height: 24px;\"><\/div>         <\/div>     <\/div> <\/div>                   <div class=\"kksr-legend\" style=\"font-size: 19.2px;\">             4.8\/5 - (24 oy)    <\/div>     <\/div>  <p class=\"wp-block-paragraph translation-block\">Son y\u0131llarda Endonezya, pa\u00e7avra geri d\u00f6n\u00fc\u015f\u00fcm\u00fc konusunda \u00f6\u011frenmeye \u00e7ok de\u011fer. Ve <strong>pa\u00e7avra geri d\u00f6n\u00fc\u015f\u00fcm tesisi<\/strong> Endonezya'da kuma\u015f geri d\u00f6n\u00fc\u015f\u00fcm\u00fc alan\u0131nda yayg\u0131n olarak kullan\u0131lmaktad\u0131r. Bu t\u00fcr geri d\u00f6n\u00fc\u015f\u00fcm hatt\u0131, pa\u00e7avran\u0131n bir dizi ad\u0131mdan ge\u00e7erek i\u015flenmesini ve kullan\u0131m de\u011ferinin geri kazan\u0131lmas\u0131n\u0131 sa\u011flayabilir.<\/p>    <h2 class=\"wp-block-heading\" id=\"h-waste-cloth-recycling-industry-in-indonesia\">Endonezya'da at\u0131k kuma\u015f geri d\u00f6n\u00fc\u015f\u00fcm end\u00fcstrisi<\/h2>    <p class=\"wp-block-paragraph\">Endonezya geri d\u00f6n\u00fc\u015f\u00fcm end\u00fcstrisine, \u00f6zellikle de at\u0131k tekstillerin geri d\u00f6n\u00fc\u015f\u00fcm\u00fcne daha fazla \u00f6nem veriyor.<br><\/p>    <figure class=\"wp-block-image size-large is-resized\"><img fetchpriority=\"high\" decoding=\"async\" src=\"https:\/\/fiberrecycling.com\/wp-content\/uploads\/2021\/02\/Clothing-recycling-industry.jpg\" alt=\"Giysi geri d\u00f6n\u00fc\u015f\u00fcm end\u00fcstrisi\" class=\"wp-image-500\" width=\"837\" height=\"429\" srcset=\"https:\/\/fiberrecycling.com\/wp-content\/uploads\/2021\/02\/Clothing-recycling-industry.jpg 585w, https:\/\/fiberrecycling.com\/wp-content\/uploads\/2021\/02\/Clothing-recycling-industry-300x154.jpg 300w\" sizes=\"(max-width: 837px) 100vw, 837px\" \/><figcaption>Giysi geri d\u00f6n\u00fc\u015f\u00fcm end\u00fcstrisi<\/figcaption><\/figure>    <p class=\"wp-block-paragraph translation-block\">At\u0131k tekstillerin kullan\u0131m\u0131 son derece geni\u015ftir, \u00f6zellikle end\u00fcstriyel tekstiller alan\u0131nda kullan\u0131m\u0131 daha yayg\u0131nd\u0131r. A\u00e7\u0131ld\u0131ktan sonra, <a href=\"https:\/\/fiberrecycling.com\/tr\/waste-fiber-recycling-plant\/\">at\u0131k tekstil lifinin i\u015flenmesi<\/a>, inceli\u011fi 22 mm'yi a\u015fabilir, yeniden tekstil kuma\u015flar\u0131 i\u00e7in kullan\u0131labilir; Bu gereksinimi kar\u015f\u0131lamayan k\u0131sa lifler otomobil malzemeleri, in\u015faat malzemeleri ve benzeri olarak kullan\u0131labilir. Ayr\u0131ca, duvar malzemeleri, \u00e7imento takviye malzemeleri, yang\u0131n ejekt\u00f6r kay\u0131\u015f\u0131 ve di\u011fer end\u00fcstriyel tekstillerin \u00fcretimi, at\u0131k tekstillerin t\u00fcketilmesinin ana yolu haline gelir.<\/p>    <h2 class=\"wp-block-heading\" id=\"h-what-does-the-waste-cloth-recycling-plant-contain\">At\u0131k kuma\u015f geri d\u00f6n\u00fc\u015f\u00fcm tesisi neler i\u00e7eriyor?<\/h2>    <p class=\"wp-block-paragraph\">At\u0131k kuma\u015f\u0131n geri d\u00f6n\u00fc\u015ft\u00fcr\u00fclmesi temel olarak kesme ve gev\u015fetme olmak \u00fczere iki ana ad\u0131m\u0131 i\u00e7erir. \u0130htiya\u00e7 duyulan makineler elyaf kesme makinesi, gev\u015fetme makinesi ve temizleme makinesidir.<br><\/p>    <figure class=\"wp-block-image size-large is-resized\"><img decoding=\"async\" src=\"https:\/\/fiberrecycling.com\/wp-content\/uploads\/2021\/01\/Textile-fiber-cutting-machine.jpg\" alt=\"Tekstil elyaf kesme makinas\u0131\" class=\"wp-image-451\" width=\"838\" height=\"558\" srcset=\"https:\/\/fiberrecycling.com\/wp-content\/uploads\/2021\/01\/Textile-fiber-cutting-machine.jpg 800w, https:\/\/fiberrecycling.com\/wp-content\/uploads\/2021\/01\/Textile-fiber-cutting-machine-300x200.jpg 300w, https:\/\/fiberrecycling.com\/wp-content\/uploads\/2021\/01\/Textile-fiber-cutting-machine-768x512.jpg 768w\" sizes=\"(max-width: 838px) 100vw, 838px\" \/><figcaption>Tekstil elyaf kesme makinas\u0131<\/figcaption><\/figure>    <p class=\"wp-block-paragraph translation-block\"><strong><a href=\"https:\/\/fiberrecycling.com\/tr\/textile-fiber-cutting-machine\/\">Elyaf kesme makinesi<\/a><\/strong> esas olarak pa\u00e7avran\u0131n kesilmesinden sorumludur. Pa\u00e7avray\u0131 e\u015fit \u015fekilde kesebilir ve kuma\u015f kesildikten sonra yap\u0131\u015fma olmaz.<br><\/p>    <figure class=\"wp-block-image size-large\"><img decoding=\"async\" width=\"1024\" height=\"768\" src=\"https:\/\/fiberrecycling.com\/wp-content\/uploads\/2021\/01\/Fiber-opener-and-cleaner-1024x768.jpg\" alt=\"Elyaf a\u00e7\u0131c\u0131 ve temizleyici\" class=\"wp-image-452\" srcset=\"https:\/\/fiberrecycling.com\/wp-content\/uploads\/2021\/01\/Fiber-opener-and-cleaner-1024x768.jpg 1024w, https:\/\/fiberrecycling.com\/wp-content\/uploads\/2021\/01\/Fiber-opener-and-cleaner-300x225.jpg 300w, https:\/\/fiberrecycling.com\/wp-content\/uploads\/2021\/01\/Fiber-opener-and-cleaner-768x576.jpg 768w, https:\/\/fiberrecycling.com\/wp-content\/uploads\/2021\/01\/Fiber-opener-and-cleaner.jpg 1334w\" sizes=\"(max-width: 1024px) 100vw, 1024px\" \/><figcaption>Elyaf a\u00e7\u0131c\u0131 ve temizleyici<\/figcaption><\/figure>    <p class=\"wp-block-paragraph translation-block\"><strong><a href=\"https:\/\/fiberrecycling.com\/tr\/fiber-opener\/\">A\u00e7ma makinesi<\/a><\/strong> ve <strong><a href=\"https:\/\/fiberrecycling.com\/tr\/cleaner-clear-spring-machine\/\">temizleme makinesi<\/a><\/strong> esas olarak kuma\u015f liflerinin yeniden ayr\u0131\u015ft\u0131r\u0131lmas\u0131ndan sorumludur. Ve iki makine genellikle birlikte kullan\u0131l\u0131r, bu da kuma\u015f\u0131n yeniden kullan\u0131m de\u011ferini verimli bir \u015fekilde ger\u00e7ekle\u015ftirebilir.<\/p>    <h2 class=\"wp-block-heading\" id=\"h-our-company-s-high-quality-waste-cloth-recycling-plant\">\u015eirketimizin y\u00fcksek kaliteli at\u0131k kuma\u015f geri d\u00f6n\u00fc\u015f\u00fcm tesisi<\/h2>    <p class=\"wp-block-paragraph translation-block\">\u015eirketin satt\u0131\u011f\u0131 pa\u00e7avra geri d\u00f6n\u00fc\u015f\u00fcm tesisi y\u00fcksek kaliteli hammaddelerden yap\u0131lm\u0131\u015ft\u0131r. Ve <strong><a href=\"https:\/\/fiberrecycling.com\/tr\/textile-fiber-cutting-machine\/\">elyaf kesme makinesi<\/a><\/strong> ayr\u0131ca farkl\u0131 m\u00fc\u015fteri ihtiya\u00e7lar\u0131n\u0131 kar\u015f\u0131layabilecek farkl\u0131 model ve boyutlarda b\u00f6l\u00fcnm\u00fc\u015ft\u00fcr.<br><\/p>    <p class=\"wp-block-paragraph\">Ayr\u0131ca fabrikam\u0131zda \u00fcretilen makineler m\u00fc\u015fterilerin ger\u00e7ek ihtiya\u00e7lar\u0131na g\u00f6re de \u00f6zelle\u015ftirilebilmektedir. B\u00f6ylece m\u00fc\u015fteriler en iyi i\u015f de\u011ferini elde edebilirler.<\/p>    <h2 class=\"wp-block-heading\" id=\"h-a-deal-with-an-indonesian-customer\">Endonezyal\u0131 bir m\u00fc\u015fteriyle yap\u0131lan anla\u015fma<\/h2>    <p class=\"wp-block-paragraph\">Endonezya'dan gelen bu m\u00fc\u015fteri \u015firketimizin eski bir m\u00fc\u015fterisidir ve daha sonra dostane bir i\u015fbirli\u011fi ili\u015fkisine ula\u015ft\u0131k. Ayn\u0131 zamanda m\u00fc\u015fteri, makinenin fiili kullan\u0131m\u0131yla ilgili bize geri bildirimde bulunmaya da \u00e7ok istekli.<br><\/p>    <figure class=\"wp-block-image size-large\"><img loading=\"lazy\" decoding=\"async\" width=\"1024\" height=\"683\" src=\"https:\/\/fiberrecycling.com\/wp-content\/uploads\/2021\/02\/Friendly-cooperation-with-Indonesian-customers-1024x683.jpg\" alt=\"Endonezyal\u0131 m\u00fc\u015fterilerle dostane i\u015fbirli\u011fi\" class=\"wp-image-502\" srcset=\"https:\/\/fiberrecycling.com\/wp-content\/uploads\/2021\/02\/Friendly-cooperation-with-Indonesian-customers-1024x683.jpg 1024w, https:\/\/fiberrecycling.com\/wp-content\/uploads\/2021\/02\/Friendly-cooperation-with-Indonesian-customers-300x200.jpg 300w, https:\/\/fiberrecycling.com\/wp-content\/uploads\/2021\/02\/Friendly-cooperation-with-Indonesian-customers-768x512.jpg 768w, https:\/\/fiberrecycling.com\/wp-content\/uploads\/2021\/02\/Friendly-cooperation-with-Indonesian-customers-1536x1024.jpg 1536w, https:\/\/fiberrecycling.com\/wp-content\/uploads\/2021\/02\/Friendly-cooperation-with-Indonesian-customers-2048x1365.jpg 2048w\" sizes=\"(max-width: 1024px) 100vw, 1024px\" \/><figcaption>Endonezyal\u0131 m\u00fc\u015fterilerle dostane i\u015fbirli\u011fi<\/figcaption><\/figure>    <p class=\"wp-block-paragraph translation-block\">M\u00fc\u015fterilerden al\u0131nan ger\u00e7ek geri bildirimlere g\u00f6re, bu <strong><a href=\"https:\/\/fiberrecycling.com\/tr\/how-can-i-start-a-textile-waste-recycling-business\/\">pa\u00e7avra geri d\u00f6n\u00fc\u015f\u00fcm hatt\u0131<\/a><\/strong> ger\u00e7ek \u00fcretim ve operasyonda \u00e7ok kararl\u0131 ve kullan\u0131m\u0131 da \u00e7ok basit. Yaln\u0131zca basit g\u00fcnl\u00fck bak\u0131m yapmas\u0131 gerekiyor.<\/p>","protected":false},"excerpt":{"rendered":"<p>Son y\u0131llarda Endonezya, at\u0131k kuma\u015f geri d\u00f6n\u00fc\u015f\u00fcm\u00fcnden \u00f6\u011frenmeye \u00e7ok de\u011fer. At\u0131k kuma\u015f geri d\u00f6n\u00fc\u015f\u00fcm tesisi Endonezya'da kuma\u015f geri d\u00f6n\u00fc\u015f\u00fcm\u00fc alan\u0131nda yayg\u0131n olarak kullan\u0131lmaktad\u0131r. Bu t\u00fcr bir geri d\u00f6n\u00fc\u015f\u00fcm hatt\u0131, at\u0131k kuma\u015f\u0131n kullan\u0131m de\u011ferini i\u015flemek ve geri kazanmak i\u00e7in bir dizi ad\u0131mdan ge\u00e7mesini sa\u011flayabilir.<\/p>","protected":false},"author":1,"featured_media":499,"comment_status":"open","ping_status":"open","sticky":false,"template":"","format":"standard","meta":{"_crdt_document":"","footnotes":""},"categories":[1],"tags":[54],"class_list":["post-498","post","type-post","status-publish","format-standard","has-post-thumbnail","hentry","category-news","tag-textile-recycling"],"_links":{"self":[{"href":"https:\/\/fiberrecycling.com\/tr\/wp-json\/wp\/v2\/posts\/498","targetHints":{"allow":["GET"]}}],"collection":[{"href":"https:\/\/fiberrecycling.com\/tr\/wp-json\/wp\/v2\/posts"}],"about":[{"href":"https:\/\/fiberrecycling.com\/tr\/wp-json\/wp\/v2\/types\/post"}],"author":[{"embeddable":true,"href":"https:\/\/fiberrecycling.com\/tr\/wp-json\/wp\/v2\/users\/1"}],"replies":[{"embeddable":true,"href":"https:\/\/fiberrecycling.com\/tr\/wp-json\/wp\/v2\/comments?post=498"}],"version-history":[{"count":0,"href":"https:\/\/fiberrecycling.com\/tr\/wp-json\/wp\/v2\/posts\/498\/revisions"}],"wp:featuredmedia":[{"embeddable":true,"href":"https:\/\/fiberrecycling.com\/tr\/wp-json\/wp\/v2\/media\/499"}],"wp:attachment":[{"href":"https:\/\/fiberrecycling.com\/tr\/wp-json\/wp\/v2\/media?parent=498"}],"wp:term":[{"taxonomy":"category","embeddable":true,"href":"https:\/\/fiberrecycling.com\/tr\/wp-json\/wp\/v2\/categories?post=498"},{"taxonomy":"post_tag","embeddable":true,"href":"https:\/\/fiberrecycling.com\/tr\/wp-json\/wp\/v2\/tags?post=498"}],"curies":[{"name":"wp","href":"https:\/\/api.w.org\/{rel}","templated":true}]}}