{"id":511,"date":"2021-02-03T03:14:25","date_gmt":"2021-02-03T03:14:25","guid":{"rendered":"https:\/\/fiberrecycling.com\/?p=511"},"modified":"2024-12-25T17:59:17","modified_gmt":"2024-12-25T09:59:17","slug":"how-can-i-start-a-textile-waste-recycling-business","status":"publish","type":"post","link":"https:\/\/fiberrecycling.com\/tr\/how-can-i-start-a-textile-waste-recycling-business\/","title":{"rendered":"Tekstil at\u0131\u011f\u0131 geri d\u00f6n\u00fc\u015f\u00fcm i\u015fine nas\u0131l ba\u015flayabilirim?"},"content":{"rendered":"<div class=\"kk-star-ratings kksr-auto kksr-align-left kksr-valign-top\"     data-payload='{&quot;align&quot;:&quot;left&quot;,&quot;id&quot;:&quot;511&quot;,&quot;slug&quot;:&quot;default&quot;,&quot;valign&quot;:&quot;top&quot;,&quot;ignore&quot;:&quot;&quot;,&quot;reference&quot;:&quot;auto&quot;,&quot;class&quot;:&quot;&quot;,&quot;count&quot;:&quot;21&quot;,&quot;legendonly&quot;:&quot;&quot;,&quot;readonly&quot;:&quot;&quot;,&quot;score&quot;:&quot;4.6&quot;,&quot;starsonly&quot;:&quot;&quot;,&quot;best&quot;:&quot;5&quot;,&quot;gap&quot;:&quot;5&quot;,&quot;greet&quot;:&quot;Rate this post&quot;,&quot;legend&quot;:&quot;4.6\\\/5 - (21 votes)&quot;,&quot;size&quot;:&quot;24&quot;,&quot;title&quot;:&quot;How can I start a textile waste recycling business?&quot;,&quot;width&quot;:&quot;130.9&quot;,&quot;_legend&quot;:&quot;{score}\\\/{best} - ({count} {votes})&quot;,&quot;font_factor&quot;:&quot;1.25&quot;}'>              <div class=\"kksr-stars\">      <div class=\"kksr-stars-inactive\">             <div class=\"kksr-star\" data-star=\"1\" style=\"padding-right: 5px\">               <div class=\"kksr-icon\" style=\"width: 24px; height: 24px;\"><\/div>         <\/div>             <div class=\"kksr-star\" data-star=\"2\" style=\"padding-right: 5px\">               <div class=\"kksr-icon\" style=\"width: 24px; height: 24px;\"><\/div>         <\/div>             <div class=\"kksr-star\" data-star=\"3\" style=\"padding-right: 5px\">               <div class=\"kksr-icon\" style=\"width: 24px; height: 24px;\"><\/div>         <\/div>             <div class=\"kksr-star\" data-star=\"4\" style=\"padding-right: 5px\">               <div class=\"kksr-icon\" style=\"width: 24px; height: 24px;\"><\/div>         <\/div>             <div class=\"kksr-star\" data-star=\"5\" style=\"padding-right: 5px\">               <div class=\"kksr-icon\" style=\"width: 24px; height: 24px;\"><\/div>         <\/div>     <\/div>      <div class=\"kksr-stars-active\" style=\"width: 130.9px;\">             <div class=\"kksr-star\" style=\"padding-right: 5px\">               <div class=\"kksr-icon\" style=\"width: 24px; height: 24px;\"><\/div>         <\/div>             <div class=\"kksr-star\" style=\"padding-right: 5px\">               <div class=\"kksr-icon\" style=\"width: 24px; height: 24px;\"><\/div>         <\/div>             <div class=\"kksr-star\" style=\"padding-right: 5px\">               <div class=\"kksr-icon\" style=\"width: 24px; height: 24px;\"><\/div>         <\/div>             <div class=\"kksr-star\" style=\"padding-right: 5px\">               <div class=\"kksr-icon\" style=\"width: 24px; height: 24px;\"><\/div>         <\/div>             <div class=\"kksr-star\" style=\"padding-right: 5px\">               <div class=\"kksr-icon\" style=\"width: 24px; height: 24px;\"><\/div>         <\/div>     <\/div> <\/div>                   <div class=\"kksr-legend\" style=\"font-size: 19.2px;\">             4.6\/5 - (21 oy)    <\/div>     <\/div>  <p class=\"wp-block-paragraph translation-block\">Son y\u0131llarda,<strong> tekstil at\u0131\u011f\u0131 geri d\u00f6n\u00fc\u015f\u00fcm i\u015fi<\/strong> giderek daha fazla ilgi g\u00f6r\u00fcyor. Geri d\u00f6n\u00fc\u015f\u00fcm\u00fcn g\u00fc\u00e7l\u00fc bir \u015fekilde savunulmas\u0131, at\u0131klar\u0131 hazineye d\u00f6n\u00fc\u015ft\u00fcrmekle kalmaz, ayn\u0131 zamanda \u00e7evrenin kirlenmesini de b\u00fcy\u00fck \u00f6l\u00e7\u00fcde hafifletebilir. Peki, bir tekstil at\u0131\u011f\u0131 geri d\u00f6n\u00fc\u015f\u00fcm i\u015fi ba\u015flatmak istiyorsak, bunu nas\u0131l yapmal\u0131y\u0131z?<\/p>    <h2 class=\"wp-block-heading\" id=\"h-how-is-textile-waste-generated\">Tekstil at\u0131klar\u0131 nas\u0131l olu\u015fuyor?<\/h2>    <p class=\"wp-block-paragraph\">Tekstil at\u0131klar\u0131n\u0131n kayna\u011f\u0131 olduk\u00e7a geni\u015ftir. Giysi fabrikalar\u0131ndan ve insanlar\u0131n g\u00fcnl\u00fck ya\u015fam\u0131nda kullan\u0131lan di\u011fer t\u00fcr at\u0131k malzemelerden, eski k\u0131yafetlerden, g\u00fcnl\u00fck kullan\u0131m i\u00e7in eski kuma\u015f \u00fcr\u00fcnlerinden (\u00f6rne\u011fin kanepe \u00f6rt\u00fcs\u00fc, yatak \u00f6rt\u00fcleri vb.) olu\u015fmaktad\u0131r. Bu her yerde bulunan tekstiller, k\u00fcresel \u00f6l\u00e7ekte her g\u00fcn b\u00fcy\u00fck miktarda tekstil at\u0131\u011f\u0131na neden olmaktad\u0131r.<\/p>    <figure class=\"wp-block-image size-large is-resized\"><img fetchpriority=\"high\" decoding=\"async\" src=\"https:\/\/fiberrecycling.com\/wp-content\/uploads\/2021\/01\/\u65e7\u8863\u72693.jpg\" alt=\"Bir s\u00fcr\u00fc eski kuma\u015f\" class=\"wp-image-399\" width=\"842\" height=\"560\" srcset=\"https:\/\/fiberrecycling.com\/wp-content\/uploads\/2021\/01\/\u65e7\u8863\u72693.jpg 720w, https:\/\/fiberrecycling.com\/wp-content\/uploads\/2021\/01\/\u65e7\u8863\u72693-300x200.jpg 300w\" sizes=\"(max-width: 842px) 100vw, 842px\" \/><figcaption>\u00c7ok fazla at\u0131k tekstil<\/figcaption><\/figure>    <h2 class=\"wp-block-heading\" id=\"h-what-should-prepare-to-start-a-textile-waste-recycling-business\">Tekstil at\u0131\u011f\u0131 geri d\u00f6n\u00fc\u015f\u00fcm i\u015fine ba\u015flamak i\u00e7in nelere haz\u0131rl\u0131k yap\u0131lmal\u0131?<\/h2>    <p class=\"wp-block-paragraph\">Yeni bir tekstil geri d\u00f6n\u00fc\u015f\u00fcm i\u015fine ba\u015flamak. Yap\u0131lacak ilk \u015fey piyasan\u0131n belirli bir analizini yapmakt\u0131r. Yerel halk\u0131n i\u015fe yaramaz tekstillerle nas\u0131l ba\u015fa \u00e7\u0131kt\u0131\u011f\u0131, tekstillerin geri d\u00f6n\u00fc\u015f\u00fcm\u00fc ve paketlenmesinde nas\u0131l iyi bir i\u015f yap\u0131laca\u011f\u0131 gibi.<br><\/p>    <p class=\"wp-block-paragraph translation-block\">\u0130kinci olarak, geri d\u00f6n\u00fc\u015f\u00fcm ve i\u015fleme i\u00e7in gereken makinelerin haz\u0131rlanmas\u0131 gerekir. <strong><a href=\"https:\/\/fiberrecycling.com\/tr\/textile-fiber-cutting-machine\/\">elyaf kesme makineleri<\/a><\/strong>, <strong><a href=\"https:\/\/fiberrecycling.com\/tr\/fiber-opener\/\">elyaf gev\u015fetme makineleri<\/a><\/strong> ve benzeri gibi. Y\u00fcksek kaliteli geri d\u00f6n\u00fc\u015f\u00fcm ve i\u015fleme makineleri, i\u015fleme verimlili\u011fini en \u00fcst d\u00fczeye \u00e7\u0131karabilir. Ve i\u015flenmi\u015f tekstil malzemeleri de maksimum kullan\u0131m de\u011ferlerini ger\u00e7ekle\u015ftirebilir.<\/p>    <figure class=\"wp-block-image size-large\"><img decoding=\"async\" width=\"1024\" height=\"768\" src=\"https:\/\/fiberrecycling.com\/wp-content\/uploads\/2021\/01\/Large-fiber-cutting-machine-1024x768.jpg\" alt=\"B\u00fcy\u00fck elyaf kesme makinas\u0131\" class=\"wp-image-446\" srcset=\"https:\/\/fiberrecycling.com\/wp-content\/uploads\/2021\/01\/Large-fiber-cutting-machine-1024x768.jpg 1024w, https:\/\/fiberrecycling.com\/wp-content\/uploads\/2021\/01\/Large-fiber-cutting-machine-300x225.jpg 300w, https:\/\/fiberrecycling.com\/wp-content\/uploads\/2021\/01\/Large-fiber-cutting-machine-768x576.jpg 768w, https:\/\/fiberrecycling.com\/wp-content\/uploads\/2021\/01\/Large-fiber-cutting-machine-1536x1152.jpg 1536w, https:\/\/fiberrecycling.com\/wp-content\/uploads\/2021\/01\/Large-fiber-cutting-machine-2048x1536.jpg 2048w\" sizes=\"(max-width: 1024px) 100vw, 1024px\" \/><figcaption>B\u00fcy\u00fck elyaf kesme makinas\u0131<\/figcaption><\/figure>    <h2 class=\"wp-block-heading\" id=\"h-steps-of-textile-waste-recovery-and-processing\">Tekstil at\u0131klar\u0131n\u0131n geri kazan\u0131m\u0131 ve i\u015flenmesi ad\u0131mlar\u0131<\/h2>    <p class=\"wp-block-paragraph\">At\u0131k malzemelerin toplan\u0131p konsantre edilmesinin ard\u0131ndan geri d\u00f6n\u00fc\u015f\u00fcm makinas\u0131nda i\u015flenmesi gerekmektedir.<br><\/p>    <p class=\"wp-block-paragraph translation-block\">\u0130lk olarak, t\u00fcm malzemeler <strong>elyaf kesme makinesi<\/strong> taraf\u0131ndan kesilecektir. \u0130ster giysi ister ba\u015fka bir kuma\u015f olsun. Bu <a href=\"https:\/\/fiberrecycling.com\/tr\/which-cutting-machine-is-best-for-fabric\/\"><strong>kuma\u015f kesme makinesi<\/strong><\/a> taraf\u0131ndan i\u015flendikten sonra, e\u015fit geni\u015flikte \u015feritler haline gelecektir.<br><\/p>    <figure class=\"wp-block-image size-large is-resized\"><img decoding=\"async\" src=\"https:\/\/fiberrecycling.com\/wp-content\/uploads\/2021\/02\/Rags-of-jeans-that-have-been-cut.jpg\" alt=\"Kesilmi\u015f kot pantolon par\u00e7alar\u0131\" class=\"wp-image-483\" width=\"839\" height=\"581\" srcset=\"https:\/\/fiberrecycling.com\/wp-content\/uploads\/2021\/02\/Rags-of-jeans-that-have-been-cut.jpg 512w, https:\/\/fiberrecycling.com\/wp-content\/uploads\/2021\/02\/Rags-of-jeans-that-have-been-cut-300x208.jpg 300w\" sizes=\"(max-width: 839px) 100vw, 839px\" \/><figcaption>E\u015fit \u015fekilde kesilmi\u015f kuma\u015f<\/figcaption><\/figure>    <p class=\"wp-block-paragraph\">Daha sonra, kuma\u015f elyaf\u0131n\u0131 yeniden ayr\u0131\u015ft\u0131rmak ve d\u00fczenlemek i\u00e7in e\u015fit \u015fekilde kesilmi\u015f kuma\u015f\u0131 elyaf a\u00e7ma ve gev\u015fetme makinesine g\u00f6nderin. Ve nihai bitmi\u015f \u00fcr\u00fcn yeniden kullan\u0131m de\u011ferine sahip olacakt\u0131r.<\/p>    <h2 class=\"wp-block-heading\" id=\"h-operation-of-textile-waste-recycling-business\">Tekstil at\u0131klar\u0131n\u0131n geri d\u00f6n\u00fc\u015f\u00fcm\u00fc i\u015finin i\u015fletilmesi<\/h2>    <p class=\"wp-block-paragraph\">Haz\u0131rl\u0131k ve i\u015fleme tamamland\u0131ktan sonra i\u015fletmenin uzun vadeli i\u015fleyi\u015finin do\u011fru planlanmas\u0131 gerekir.<br><\/p>    <p class=\"wp-block-paragraph\">\u00d6ncelikle tekstil at\u0131klar\u0131n\u0131n geri d\u00f6n\u00fc\u015f\u00fcm yolunun belirlenmesi gerekiyor. Yerel uzman geri d\u00f6n\u00fc\u015f\u00fcm kurulu\u015flar\u0131n\u0131n i\u015fbirli\u011fi yapmas\u0131n\u0131 isteyebiliriz ve ayr\u0131ca bu geri d\u00f6n\u00fc\u015f\u00fcm projesi hakk\u0131nda daha fazla insan\u0131n bilgilendirilmesi i\u00e7in tan\u0131t\u0131m \u00e7abalar\u0131n\u0131 g\u00fc\u00e7lendirebiliriz.<br><\/p>    <p class=\"wp-block-paragraph\">Ayr\u0131ca en iyi kullan\u0131m de\u011ferini elde etmek ve at\u0131k kuma\u015flar\u0131n yeniden kullan\u0131m\u0131n\u0131 en \u00fcst d\u00fczeye \u00e7\u0131karmak i\u00e7in i\u015flenmi\u015f tekstillerin uygun yerlere sat\u0131lmas\u0131 da gerekmektedir.<\/p>    <figure class=\"wp-block-image size-large is-resized\"><img loading=\"lazy\" decoding=\"async\" src=\"https:\/\/fiberrecycling.com\/wp-content\/uploads\/2021\/02\/Clothing-recycling-industry.jpg\" alt=\"Giysi geri d\u00f6n\u00fc\u015f\u00fcm end\u00fcstrisi\" class=\"wp-image-500\" width=\"837\" height=\"429\" srcset=\"https:\/\/fiberrecycling.com\/wp-content\/uploads\/2021\/02\/Clothing-recycling-industry.jpg 585w, https:\/\/fiberrecycling.com\/wp-content\/uploads\/2021\/02\/Clothing-recycling-industry-300x154.jpg 300w\" sizes=\"(max-width: 837px) 100vw, 837px\" \/><figcaption>Giysi geri d\u00f6n\u00fc\u015f\u00fcm end\u00fcstrisi<\/figcaption><\/figure>","protected":false},"excerpt":{"rendered":"<p>Son y\u0131llarda tekstil at\u0131klar\u0131n\u0131n geri d\u00f6n\u00fc\u015f\u00fcm\u00fc i\u015fi giderek daha fazla ilgi g\u00f6rmeye ba\u015flad\u0131. Geri d\u00f6n\u00fc\u015f\u00fcm\u00fcn g\u00fc\u00e7l\u00fc savunuculu\u011fu, at\u0131klar\u0131 hazineye d\u00f6n\u00fc\u015ft\u00fcrmekle kalmaz, ayn\u0131 zamanda \u00e7evre kirlili\u011fini de b\u00fcy\u00fck \u00f6l\u00e7\u00fcde azalt\u0131r. Peki tekstil at\u0131klar\u0131n\u0131n geri d\u00f6n\u00fc\u015f\u00fcm\u00fc i\u015fine ba\u015flamak istiyorsak bunu nas\u0131l yapmal\u0131y\u0131z?<\/p>","protected":false},"author":1,"featured_media":512,"comment_status":"open","ping_status":"open","sticky":false,"template":"","format":"standard","meta":{"_crdt_document":"","footnotes":""},"categories":[1],"tags":[54],"class_list":["post-511","post","type-post","status-publish","format-standard","has-post-thumbnail","hentry","category-news","tag-textile-recycling"],"_links":{"self":[{"href":"https:\/\/fiberrecycling.com\/tr\/wp-json\/wp\/v2\/posts\/511","targetHints":{"allow":["GET"]}}],"collection":[{"href":"https:\/\/fiberrecycling.com\/tr\/wp-json\/wp\/v2\/posts"}],"about":[{"href":"https:\/\/fiberrecycling.com\/tr\/wp-json\/wp\/v2\/types\/post"}],"author":[{"embeddable":true,"href":"https:\/\/fiberrecycling.com\/tr\/wp-json\/wp\/v2\/users\/1"}],"replies":[{"embeddable":true,"href":"https:\/\/fiberrecycling.com\/tr\/wp-json\/wp\/v2\/comments?post=511"}],"version-history":[{"count":0,"href":"https:\/\/fiberrecycling.com\/tr\/wp-json\/wp\/v2\/posts\/511\/revisions"}],"wp:featuredmedia":[{"embeddable":true,"href":"https:\/\/fiberrecycling.com\/tr\/wp-json\/wp\/v2\/media\/512"}],"wp:attachment":[{"href":"https:\/\/fiberrecycling.com\/tr\/wp-json\/wp\/v2\/media?parent=511"}],"wp:term":[{"taxonomy":"category","embeddable":true,"href":"https:\/\/fiberrecycling.com\/tr\/wp-json\/wp\/v2\/categories?post=511"},{"taxonomy":"post_tag","embeddable":true,"href":"https:\/\/fiberrecycling.com\/tr\/wp-json\/wp\/v2\/tags?post=511"}],"curies":[{"name":"wp","href":"https:\/\/api.w.org\/{rel}","templated":true}]}}