{"id":514,"date":"2021-02-03T03:59:41","date_gmt":"2021-02-03T03:59:41","guid":{"rendered":"https:\/\/fiberrecycling.com\/?p=514"},"modified":"2024-12-25T17:59:08","modified_gmt":"2024-12-25T09:59:08","slug":"recycled-fiber-opening-machine-investment-instructions","status":"publish","type":"post","link":"https:\/\/fiberrecycling.com\/tr\/recycled-fiber-opening-machine-investment-instructions\/","title":{"rendered":"Geri d\u00f6n\u00fc\u015f\u00fcml\u00fc elyaf a\u00e7ma makinesi yat\u0131r\u0131m talimatlar\u0131"},"content":{"rendered":"<div class=\"kk-star-ratings kksr-auto kksr-align-left kksr-valign-top\"     data-payload='{&quot;align&quot;:&quot;left&quot;,&quot;id&quot;:&quot;514&quot;,&quot;slug&quot;:&quot;default&quot;,&quot;valign&quot;:&quot;top&quot;,&quot;ignore&quot;:&quot;&quot;,&quot;reference&quot;:&quot;auto&quot;,&quot;class&quot;:&quot;&quot;,&quot;count&quot;:&quot;20&quot;,&quot;legendonly&quot;:&quot;&quot;,&quot;readonly&quot;:&quot;&quot;,&quot;score&quot;:&quot;4.6&quot;,&quot;starsonly&quot;:&quot;&quot;,&quot;best&quot;:&quot;5&quot;,&quot;gap&quot;:&quot;5&quot;,&quot;greet&quot;:&quot;Rate this post&quot;,&quot;legend&quot;:&quot;4.6\\\/5 - (20 votes)&quot;,&quot;size&quot;:&quot;24&quot;,&quot;title&quot;:&quot;Recycled fiber opening machine investment instructions&quot;,&quot;width&quot;:&quot;130.9&quot;,&quot;_legend&quot;:&quot;{score}\\\/{best} - ({count} {votes})&quot;,&quot;font_factor&quot;:&quot;1.25&quot;}'>              <div class=\"kksr-stars\">      <div class=\"kksr-stars-inactive\">             <div class=\"kksr-star\" data-star=\"1\" style=\"padding-right: 5px\">               <div class=\"kksr-icon\" style=\"width: 24px; height: 24px;\"><\/div>         <\/div>             <div class=\"kksr-star\" data-star=\"2\" style=\"padding-right: 5px\">               <div class=\"kksr-icon\" style=\"width: 24px; height: 24px;\"><\/div>         <\/div>             <div class=\"kksr-star\" data-star=\"3\" style=\"padding-right: 5px\">               <div class=\"kksr-icon\" style=\"width: 24px; height: 24px;\"><\/div>         <\/div>             <div class=\"kksr-star\" data-star=\"4\" style=\"padding-right: 5px\">               <div class=\"kksr-icon\" style=\"width: 24px; height: 24px;\"><\/div>         <\/div>             <div class=\"kksr-star\" data-star=\"5\" style=\"padding-right: 5px\">               <div class=\"kksr-icon\" style=\"width: 24px; height: 24px;\"><\/div>         <\/div>     <\/div>      <div class=\"kksr-stars-active\" style=\"width: 130.9px;\">             <div class=\"kksr-star\" style=\"padding-right: 5px\">               <div class=\"kksr-icon\" style=\"width: 24px; height: 24px;\"><\/div>         <\/div>             <div class=\"kksr-star\" style=\"padding-right: 5px\">               <div class=\"kksr-icon\" style=\"width: 24px; height: 24px;\"><\/div>         <\/div>             <div class=\"kksr-star\" style=\"padding-right: 5px\">               <div class=\"kksr-icon\" style=\"width: 24px; height: 24px;\"><\/div>         <\/div>             <div class=\"kksr-star\" style=\"padding-right: 5px\">               <div class=\"kksr-icon\" style=\"width: 24px; height: 24px;\"><\/div>         <\/div>             <div class=\"kksr-star\" style=\"padding-right: 5px\">               <div class=\"kksr-icon\" style=\"width: 24px; height: 24px;\"><\/div>         <\/div>     <\/div> <\/div>                   <div class=\"kksr-legend\" style=\"font-size: 19.2px;\">             4.6\/5 - (20 oy)    <\/div>     <\/div>  <p class=\"wp-block-paragraph translation-block\"><strong>Geri d\u00f6n\u00fc\u015ft\u00fcr\u00fclm\u00fc\u015f elyaf a\u00e7ma makinesi<\/strong>, elyaf geri kazan\u0131m\u0131 ve yeniden i\u015flenmesi i\u00e7in kullan\u0131lan bir ekipman t\u00fcr\u00fcd\u00fcr. Ba\u015fl\u0131ca at\u0131k bez par\u00e7alar\u0131, eski pamuk, giysi ve benzerlerini i\u00e7erir. Geni\u015f i\u015fleme malzemesi yelpazesi, geri d\u00f6n\u00fc\u015f\u00fcm alan\u0131nda \u00f6nemli bir rol oynamas\u0131n\u0131 sa\u011flar. \u00c7e\u015fitli tekstil geri d\u00f6n\u00fc\u015f\u00fcm \u00fcretim hatlar\u0131nda gerekli bir geri d\u00f6n\u00fc\u015f\u00fcm ve i\u015fleme makinesidir.<\/p>    <h2 class=\"wp-block-heading\" id=\"h-how-does-the-fiber-recycle\">Lif nas\u0131l geri d\u00f6n\u00fc\u015ft\u00fcr\u00fcl\u00fcr?<\/h2>    <p class=\"wp-block-paragraph translation-block\">Kuma\u015f elyaf\u0131 kategorisi \u00e7ok geni\u015ftir ve i\u00e7erdi\u011fi t\u00fcrler de \u00e7ok fazlad\u0131r. Bitmi\u015f kuma\u015f lifleri, yo\u011funluk ve kal\u0131nl\u0131k a\u00e7\u0131s\u0131ndan kendi liflerinden daha kompaktt\u0131r. Elyaf rejenerasyonu elde etmek i\u00e7in, <strong><a href=\"https:\/\/fiberrecycling.com\/tr\/fiber-opener\/\">s\u0131k\u0131ca ba\u011fl\u0131 lifleri yeniden a\u00e7mak ve gev\u015fetmek<\/a><\/strong>, orijinal formlar\u0131na ay\u0131rmak gerekir. Ve sonra bu liflerin i\u015flenmesinin birle\u015fimi, b\u00f6ylece elyaf\u0131n geri d\u00f6n\u00fc\u015ft\u00fcr\u00fclm\u00fc\u015f i\u015flemesinin ilk ger\u00e7ekle\u015fmesi.<\/p>    <figure class=\"wp-block-image size-large\"><img fetchpriority=\"high\" decoding=\"async\" width=\"1024\" height=\"768\" src=\"https:\/\/fiberrecycling.com\/wp-content\/uploads\/2021\/01\/The-fabric-after-cutting-1024x768.jpg\" alt=\"Kuma\u015f kesildikten sonra\" class=\"wp-image-431\" srcset=\"https:\/\/fiberrecycling.com\/wp-content\/uploads\/2021\/01\/The-fabric-after-cutting-1024x768.jpg 1024w, https:\/\/fiberrecycling.com\/wp-content\/uploads\/2021\/01\/The-fabric-after-cutting-300x225.jpg 300w, https:\/\/fiberrecycling.com\/wp-content\/uploads\/2021\/01\/The-fabric-after-cutting-768x576.jpg 768w, https:\/\/fiberrecycling.com\/wp-content\/uploads\/2021\/01\/The-fabric-after-cutting.jpg 1440w\" sizes=\"(max-width: 1024px) 100vw, 1024px\" \/><figcaption>Kuma\u015f kesildikten sonra<\/figcaption><\/figure>    <h2 class=\"wp-block-heading\" id=\"h-uses-of-recycled-fiber\">Geri d\u00f6n\u00fc\u015ft\u00fcr\u00fclm\u00fc\u015f elyaf\u0131n kullan\u0131m alanlar\u0131<\/h2>    <p class=\"wp-block-paragraph\">Kullan\u0131lan kuma\u015f lifleri yeniden i\u015flendikten sonra orijinal kullan\u0131m de\u011ferine sahip olamasa da ba\u015fka alanlarda da kullan\u0131labilir. \u00d6rne\u011fin baz\u0131 i\u015flenmi\u015f ke\u00e7eler temizlik maddesi olarak kullan\u0131labilir. Di\u011fer geri d\u00f6n\u00fc\u015ft\u00fcr\u00fclm\u00fc\u015f lifler, termal \u00f6zelliklerinden yararlanarak nesneleri sarmak i\u00e7in kullan\u0131labilir.<\/p>    <figure class=\"wp-block-image size-large is-resized\"><img decoding=\"async\" src=\"https:\/\/fiberrecycling.com\/wp-content\/uploads\/2021\/02\/Recycled-cotton.jpg\" alt=\"Geri d\u00f6n\u00fc\u015ft\u00fcr\u00fclm\u00fc\u015f pamuk\" class=\"wp-image-516\" width=\"839\" height=\"629\" srcset=\"https:\/\/fiberrecycling.com\/wp-content\/uploads\/2021\/02\/Recycled-cotton.jpg 800w, https:\/\/fiberrecycling.com\/wp-content\/uploads\/2021\/02\/Recycled-cotton-300x225.jpg 300w, https:\/\/fiberrecycling.com\/wp-content\/uploads\/2021\/02\/Recycled-cotton-768x576.jpg 768w\" sizes=\"(max-width: 839px) 100vw, 839px\" \/><figcaption>Geri d\u00f6n\u00fc\u015ft\u00fcr\u00fclm\u00fc\u015f pamuk<\/figcaption><\/figure>    <h2 class=\"wp-block-heading\" id=\"h-how-does-the-recycled-fiber-opening-machine-work\">Geri d\u00f6n\u00fc\u015ft\u00fcr\u00fclm\u00fc\u015f elyaf a\u00e7ma makinesi nas\u0131l \u00e7al\u0131\u015f\u0131r?<\/h2>    <p class=\"wp-block-paragraph\">Geri d\u00f6n\u00fc\u015ft\u00fcr\u00fclm\u00fc\u015f elyaf a\u00e7ma makinesi esas olarak \u00e7er\u00e7eve, kombinasyon zinciri, rulo ve di\u011fer \u00e7oklu yuvarlak rulolardan vb. olu\u015fur. Malzemeler malzeme transfer b\u00f6lgesine konulaca\u011f\u0131 zaman. Ba\u015flang\u0131\u00e7 \u200b\u200bg\u00fc\u00e7 kayna\u011f\u0131, malzeme a\u00e7\u0131l\u0131\u015f alan\u0131na sevk edilecektir. Malzeme bir \u00f6n tarak olacak ve a\u00e7\u0131k olacak, y\u00fcksek h\u0131zl\u0131 bir d\u00f6ner silindir ile elyaf ba\u011flant\u0131 kuvvetini daha k\u00fc\u00e7\u00fck hale getirebilir, serbest b\u0131rakma amac\u0131na ula\u015fabilir ve malzemenin bir k\u0131sm\u0131n\u0131 \u00e7\u0131karabilir.<br><\/p>    <figure class=\"wp-block-image size-large\"><img decoding=\"async\" width=\"1024\" height=\"768\" src=\"https:\/\/fiberrecycling.com\/wp-content\/uploads\/2021\/01\/Fiber-opener-and-cleaner-1024x768.jpg\" alt=\"Elyaf a\u00e7\u0131c\u0131 ve temizleyici\" class=\"wp-image-452\" srcset=\"https:\/\/fiberrecycling.com\/wp-content\/uploads\/2021\/01\/Fiber-opener-and-cleaner-1024x768.jpg 1024w, https:\/\/fiberrecycling.com\/wp-content\/uploads\/2021\/01\/Fiber-opener-and-cleaner-300x225.jpg 300w, https:\/\/fiberrecycling.com\/wp-content\/uploads\/2021\/01\/Fiber-opener-and-cleaner-768x576.jpg 768w, https:\/\/fiberrecycling.com\/wp-content\/uploads\/2021\/01\/Fiber-opener-and-cleaner.jpg 1334w\" sizes=\"(max-width: 1024px) 100vw, 1024px\" \/><figcaption>Elyaf a\u00e7\u0131c\u0131 ve temizleyici<\/figcaption><\/figure>    <p class=\"wp-block-paragraph\">Lif hammaddelerinin a\u00e7\u0131lma ve gev\u015feme derecesi genellikle metre uzunlu\u011fundaki lif tabakas\u0131 ba\u015f\u0131na darbe say\u0131s\u0131na veya lif tabakas\u0131n\u0131n gram a\u011f\u0131rl\u0131\u011f\u0131 ba\u015f\u0131na d\u00fc\u015fen darbe say\u0131s\u0131na ba\u011fl\u0131d\u0131r. Darbe say\u0131s\u0131n\u0131n belirli bir aral\u0131kta artt\u0131r\u0131lmas\u0131, elyaf hammaddelerinin a\u00e7\u0131lma ve gev\u015feme kalitesini iyile\u015ftirebilmektedir. Ancak darbe say\u0131s\u0131 \u00e7ok fazla ise. Lif hasar\u0131na neden olmak kolayd\u0131r, bu da lif kusurlar\u0131n\u0131n artmas\u0131na neden olur ve ipli\u011fin kalitesini etkiler.<\/p>    <h2 class=\"wp-block-heading\" id=\"h-benefits-of-fabric-fiber-recycled\">Geri d\u00f6n\u00fc\u015ft\u00fcr\u00fclm\u00fc\u015f kuma\u015f elyaf\u0131n\u0131n faydalar\u0131<\/h2>    <p class=\"wp-block-paragraph\">At\u0131k kuma\u015f lifleri \u00e7\u00f6p sahas\u0131na at\u0131l\u0131rsa uzun vadeli birikim topra\u011f\u0131n y\u00fck\u00fcn\u00fc art\u0131racakt\u0131r. Bu nedenle bunlar\u0131n uygun \u015fekilde geri d\u00f6n\u00fc\u015ft\u00fcr\u00fclmesi ve i\u015flenmesi gerekir.<br><\/p>    <p class=\"wp-block-paragraph translation-block\">Bu nedenle, <a href=\"https:\/\/fiberrecycling.com\/tr\/what-is-textile-waste-recycling\/\">kuma\u015f liflerinin geri d\u00f6n\u00fc\u015f\u00fcm\u00fcn\u00fcn<\/a> en b\u00fcy\u00fck faydas\u0131, kuma\u015f kaynakl\u0131 kirlili\u011fin \u00e7evre \u00fczerindeki bask\u0131s\u0131n\u0131 hafifletmesidir. \u00d6te yandan, geri d\u00f6n\u00fc\u015f\u00fcm ve i\u015flem sonras\u0131nda lif tekrar kullan\u0131m-de\u011ferine kavu\u015fur; bu durum, kaynaklar\u0131n geri kazan\u0131m\u0131 ve kullan\u0131m\u0131 lehine g\u00fc\u00e7l\u00fc bir \u015fekilde te\u015fvik edilen g\u00fcn\u00fcm\u00fcz \u00e7a\u011f\u0131n\u0131n geli\u015fme perspektifiyle olduk\u00e7a uyumludur.<\/p>","protected":false},"excerpt":{"rendered":"<p>Geri d\u00f6n\u00fc\u015ft\u00fcr\u00fclm\u00fc\u015f elyaf a\u00e7ma makinesi, elyaf\u0131n geri kazan\u0131lmas\u0131 ve yeniden i\u015flenmesi i\u00e7in kullan\u0131lan bir t\u00fcr ekipmand\u0131r. Bunlar esas olarak at\u0131k kuma\u015f art\u0131klar\u0131n\u0131, eski pamuklar\u0131, k\u0131yafetleri vb. i\u00e7erir. \u0130\u015fleme malzemelerinin geni\u015f yelpazesi, geri d\u00f6n\u00fc\u015f\u00fcm alan\u0131nda \u00f6nemli bir rol oynamas\u0131n\u0131 sa\u011flar. \u00c7e\u015fitli tekstil geri d\u00f6n\u00fc\u015f\u00fcm \u00fcretim hatlar\u0131nda gerekli bir geri d\u00f6n\u00fc\u015f\u00fcm ve i\u015fleme makinesidir.<\/p>","protected":false},"author":1,"featured_media":515,"comment_status":"open","ping_status":"open","sticky":false,"template":"","format":"standard","meta":{"_crdt_document":"","footnotes":""},"categories":[1],"tags":[54],"class_list":["post-514","post","type-post","status-publish","format-standard","has-post-thumbnail","hentry","category-news","tag-textile-recycling"],"_links":{"self":[{"href":"https:\/\/fiberrecycling.com\/tr\/wp-json\/wp\/v2\/posts\/514","targetHints":{"allow":["GET"]}}],"collection":[{"href":"https:\/\/fiberrecycling.com\/tr\/wp-json\/wp\/v2\/posts"}],"about":[{"href":"https:\/\/fiberrecycling.com\/tr\/wp-json\/wp\/v2\/types\/post"}],"author":[{"embeddable":true,"href":"https:\/\/fiberrecycling.com\/tr\/wp-json\/wp\/v2\/users\/1"}],"replies":[{"embeddable":true,"href":"https:\/\/fiberrecycling.com\/tr\/wp-json\/wp\/v2\/comments?post=514"}],"version-history":[{"count":0,"href":"https:\/\/fiberrecycling.com\/tr\/wp-json\/wp\/v2\/posts\/514\/revisions"}],"wp:featuredmedia":[{"embeddable":true,"href":"https:\/\/fiberrecycling.com\/tr\/wp-json\/wp\/v2\/media\/515"}],"wp:attachment":[{"href":"https:\/\/fiberrecycling.com\/tr\/wp-json\/wp\/v2\/media?parent=514"}],"wp:term":[{"taxonomy":"category","embeddable":true,"href":"https:\/\/fiberrecycling.com\/tr\/wp-json\/wp\/v2\/categories?post=514"},{"taxonomy":"post_tag","embeddable":true,"href":"https:\/\/fiberrecycling.com\/tr\/wp-json\/wp\/v2\/tags?post=514"}],"curies":[{"name":"wp","href":"https:\/\/api.w.org\/{rel}","templated":true}]}}